{"id":2075,"date":"2022-04-11T11:36:07","date_gmt":"2022-04-11T10:36:07","guid":{"rendered":"http:\/\/espaciolaplaza.es\/?p=2075"},"modified":"2022-04-11T11:36:07","modified_gmt":"2022-04-11T10:36:07","slug":"exposicion-fotografica-en-pie-entre-el-polvo-y-la-arena-jovenes-por-los-derechos-saharauis","status":"publish","type":"post","link":"http:\/\/espaciolaplaza.es\/index.php\/2022\/04\/11\/exposicion-fotografica-en-pie-entre-el-polvo-y-la-arena-jovenes-por-los-derechos-saharauis\/","title":{"rendered":"Exposici\u00f3n fotogr\u00e1fica \u00abEn pie entre el polvo y la arena. J\u00f3venes por los derechos saharauis\u00bb."},"content":{"rendered":"<p>Del 13 de abril al 1 de mayo, el Teatro Municipal de Los Corrales de Buelna acoger\u00e1 la exposici\u00f3n fotogr\u00e1fica, de Nuria Gonz\u00e1lez<\/p>\n<p><strong><em>\u00abEn pie entre el polvo y la arena. J\u00f3venes por los derechos saharauis\u00bb<\/em><\/strong><\/p>\n<p>Por su parte, las ONGs Mundubat y Cantabria por el S\u00e1hara ofrecer\u00e1n una visita guiada por la exposici\u00f3n para todos aquellos interesados en participar y, posteriormente, tendr\u00e1 lugar la presentaci\u00f3n y proyecci\u00f3n del documental <em><strong>\u00abOcupaci\u00f3n, S.A.\u00bb<\/strong><\/em><\/p>\n<p>El viernes, 22 de abril, a partir de las 18:30 horas.<\/p>\n<p>Con entrada libre hasta completar aforo.<\/p>\n<p>&nbsp;<\/p>\n<p>&nbsp;<\/p>\n<p>&nbsp;<\/p>\n","protected":false},"excerpt":{"rendered":"<p>Del 13 de abril al 1 de mayo, el Teatro Municipal de Los Corrales de Buelna acoger\u00e1 la exposici\u00f3n fotogr\u00e1fica, de Nuria Gonz\u00e1lez \u00abEn pie entre el polvo y la arena. J\u00f3venes por los derechos saharauis\u00bb Por su parte, las ONGs Mundubat y Cantabria por el S\u00e1hara ofrecer\u00e1n una visita guiada por la exposici\u00f3n para [&hellip;]<\/p>\n","protected":false},"author":2,"featured_media":2076,"comment_status":"open","ping_status":"open","sticky":false,"template":"","format":"standard","meta":{"footnotes":""},"categories":[2],"tags":[51,52,53,50,54],"_links":{"self":[{"href":"http:\/\/espaciolaplaza.es\/index.php\/wp-json\/wp\/v2\/posts\/2075"}],"collection":[{"href":"http:\/\/espaciolaplaza.es\/index.php\/wp-json\/wp\/v2\/posts"}],"about":[{"href":"http:\/\/espaciolaplaza.es\/index.php\/wp-json\/wp\/v2\/types\/post"}],"author":[{"embeddable":true,"href":"http:\/\/espaciolaplaza.es\/index.php\/wp-json\/wp\/v2\/users\/2"}],"replies":[{"embeddable":true,"href":"http:\/\/espaciolaplaza.es\/index.php\/wp-json\/wp\/v2\/comments?post=2075"}],"version-history":[{"count":1,"href":"http:\/\/espaciolaplaza.es\/index.php\/wp-json\/wp\/v2\/posts\/2075\/revisions"}],"predecessor-version":[{"id":2077,"href":"http:\/\/espaciolaplaza.es\/index.php\/wp-json\/wp\/v2\/posts\/2075\/revisions\/2077"}],"wp:featuredmedia":[{"embeddable":true,"href":"http:\/\/espaciolaplaza.es\/index.php\/wp-json\/wp\/v2\/media\/2076"}],"wp:attachment":[{"href":"http:\/\/espaciolaplaza.es\/index.php\/wp-json\/wp\/v2\/media?parent=2075"}],"wp:term":[{"taxonomy":"category","embeddable":true,"href":"http:\/\/espaciolaplaza.es\/index.php\/wp-json\/wp\/v2\/categories?post=2075"},{"taxonomy":"post_tag","embeddable":true,"href":"http:\/\/espaciolaplaza.es\/index.php\/wp-json\/wp\/v2\/tags?post=2075"}],"curies":[{"name":"wp","href":"https:\/\/api.w.org\/{rel}","templated":true}]}}