{"id":2208,"date":"2022-09-30T08:10:09","date_gmt":"2022-09-30T07:10:09","guid":{"rendered":"http:\/\/espaciolaplaza.es\/?p=2208"},"modified":"2022-09-30T08:10:09","modified_gmt":"2022-09-30T07:10:09","slug":"calendario-de-magostas-octubre-noviembre","status":"publish","type":"post","link":"http:\/\/espaciolaplaza.es\/index.php\/2022\/09\/30\/calendario-de-magostas-octubre-noviembre\/","title":{"rendered":"Calendario de Magostas (octubre-noviembre)"},"content":{"rendered":"<p>Del 8 de octubre al 26 de noviembre, Los Corrales de Buelna vivir\u00e1 las tradicionales magostas de oto\u00f1o, con un amplio programa de actividades, con el que celebrar una de las tradiciones m\u00e1s arraigadas en muchos lugares del valle.<\/p>\n<p><strong>OCTUBRE<\/strong><\/p>\n<ul>\n<li>8 de octubre. presentaci\u00f3n y la plantaci\u00f3n <strong>del \u00abCasta\u00f1o 2022\u00bb<\/strong> por parte de la pe\u00f1a La Rueda de Barros.<\/li>\n<li>15 de octubre. <strong>Magosta del barrio Juan XXIII<\/strong>, con degustaci\u00f3n de casta\u00f1as y amenizada con la actuaci\u00f3n de Miguel Cadavieco. Tambi\u00e9n participar\u00e1n los piteros del norte. Organiza A.P. Juan XXIII<\/li>\n<li>22 de octubre. <strong>Magosta de San Mart\u00edn, en Barros<\/strong>. En las antiguas escuelas de Barros, con degustaci\u00f3n de casta\u00f1as y gran chocolatada. Organiza P.C.D. La Rueda.<\/li>\n<li>29 de octubre. <strong>Magosta de La Aldea<\/strong>. Actuaci\u00f3n m\u00fasica folk. Reparto de chorizos a la sidra y las tradicionales casta\u00f1as. Actuaci\u00f3n de grupo loca e hinchables para los peques, si la climatolog\u00eda lo permite. Organiza Pe\u00f1a el Tarumbo.<\/li>\n<\/ul>\n<p><strong>NOVIEMBRE<\/strong><\/p>\n<ul>\n<li>5 de noviembre. <strong>Magosta en La Pel\u00e1<\/strong>. En el Edificio de La Pel\u00e1, con degustaci\u00f3n de casta\u00f1as, acompa\u00f1adas de an\u00eds, vino y chorizo a la sidra. Organiza A.S.C Los Papis.<\/li>\n<li>12 de noviembre. <strong>Magosta de Coo.<\/strong> Reparto de casta\u00f1as, amenizado por una banda de gaitas. Degustaci\u00f3n de carboneras, dulce t\u00edpico de Coo, elaborado a base de casta\u00f1as. Festival\u00a0 M\u00fasica Folk El Joyu, Organiza Pe\u00f1as Los Remedios.<\/li>\n<li>18 de noviembre. <strong>Magosta de Rivero<\/strong>. San Felices de Buelna. Reparto de casta\u00f1as con an\u00eds y chocolate con bizcochos. Todo ello, amenizado con hinchables para los ni\u00f1os y m\u00fasica con \u00abSpeaker\u00bb. Organiza Ayto. San Felices de Buelna.<\/li>\n<li>19 de noviembre. <strong>Casta\u00f1\u00f3n, de Somahoz<\/strong>. Uno de los m\u00e1s antiguos de Cantabria. Habr\u00e1 reparto de casta\u00f1as asadas en la forma tradicional y se repartir\u00e1n bocadillos de panceta para todos los asistentes. Organiza A.C.D Gedio.<\/li>\n<li>26 de noviembre. <strong>Magosta de Mata, San Felices de Buelna<\/strong>. Actuaci\u00f3n folcl\u00f3rica en los locales de la Asociaci\u00f3n y reparto de casta\u00f1as entre los asistentes. Por la noche, habr\u00e1 verbena con disco m\u00f3vil y reparto de chocolate. Organiza A.C.D La Encina de Mata.<\/li>\n<\/ul>\n<p>&nbsp;<\/p>\n<p>&nbsp;<\/p>\n<p>&nbsp;<\/p>\n<p>&nbsp;<\/p>\n","protected":false},"excerpt":{"rendered":"<p>Del 8 de octubre al 26 de noviembre, Los Corrales de Buelna vivir\u00e1 las tradicionales magostas de oto\u00f1o, con un amplio programa de actividades, con el que celebrar una de las tradiciones m\u00e1s arraigadas en muchos lugares del valle. OCTUBRE 8 de octubre. presentaci\u00f3n y la plantaci\u00f3n del \u00abCasta\u00f1o 2022\u00bb por parte de la pe\u00f1a [&hellip;]<\/p>\n","protected":false},"author":2,"featured_media":2209,"comment_status":"open","ping_status":"open","sticky":false,"template":"","format":"standard","meta":{"footnotes":""},"categories":[2],"tags":[154,157,158,159,153,156,155,95],"_links":{"self":[{"href":"http:\/\/espaciolaplaza.es\/index.php\/wp-json\/wp\/v2\/posts\/2208"}],"collection":[{"href":"http:\/\/espaciolaplaza.es\/index.php\/wp-json\/wp\/v2\/posts"}],"about":[{"href":"http:\/\/espaciolaplaza.es\/index.php\/wp-json\/wp\/v2\/types\/post"}],"author":[{"embeddable":true,"href":"http:\/\/espaciolaplaza.es\/index.php\/wp-json\/wp\/v2\/users\/2"}],"replies":[{"embeddable":true,"href":"http:\/\/espaciolaplaza.es\/index.php\/wp-json\/wp\/v2\/comments?post=2208"}],"version-history":[{"count":1,"href":"http:\/\/espaciolaplaza.es\/index.php\/wp-json\/wp\/v2\/posts\/2208\/revisions"}],"predecessor-version":[{"id":2210,"href":"http:\/\/espaciolaplaza.es\/index.php\/wp-json\/wp\/v2\/posts\/2208\/revisions\/2210"}],"wp:featuredmedia":[{"embeddable":true,"href":"http:\/\/espaciolaplaza.es\/index.php\/wp-json\/wp\/v2\/media\/2209"}],"wp:attachment":[{"href":"http:\/\/espaciolaplaza.es\/index.php\/wp-json\/wp\/v2\/media?parent=2208"}],"wp:term":[{"taxonomy":"category","embeddable":true,"href":"http:\/\/espaciolaplaza.es\/index.php\/wp-json\/wp\/v2\/categories?post=2208"},{"taxonomy":"post_tag","embeddable":true,"href":"http:\/\/espaciolaplaza.es\/index.php\/wp-json\/wp\/v2\/tags?post=2208"}],"curies":[{"name":"wp","href":"https:\/\/api.w.org\/{rel}","templated":true}]}}