{"id":3136,"date":"2023-12-11T14:02:26","date_gmt":"2023-12-11T13:02:26","guid":{"rendered":"https:\/\/espaciolaplaza.es\/?p=3136"},"modified":"2023-12-11T14:02:26","modified_gmt":"2023-12-11T13:02:26","slug":"descanso-escolar-navidad-2023","status":"publish","type":"post","link":"http:\/\/espaciolaplaza.es\/index.php\/2023\/12\/11\/descanso-escolar-navidad-2023\/","title":{"rendered":"Descanso Escolar Navidad 2023"},"content":{"rendered":"<div class=\"itemBodyAgenda\">\n<div class=\"itemFullText\">\n<p>El \u00e1rea de Juventud del Ayuntamiento de Los Corrales de Buelna anuncia las actividades a desarrollar estas navidades, destinadas a ni\u00f1os nacidos de 2011 a 2020. Habr\u00e1 yincanas, talleres, juegos y mucha diversi\u00f3n.<\/p>\n<p><strong>Actividades<\/strong><\/p>\n<ul>\n<li>D\u00edas: 26, 27, 28 y 29 diciembre y 2, 3, 4 y 5 de enero<\/li>\n<li>Horario: de 10,00 a 14,00 h. y servicio de guarder\u00eda de 8,00 a 10,00 h.<\/li>\n<li>Lugar. instalaciones del colegio Jos\u00e9 Mar\u00eda de Pereda<\/li>\n<\/ul>\n<p><strong>Preinscripcion<\/strong><\/p>\n<ul>\n<li>Fechas: del martes 12 al martes 19 de diciembre<\/li>\n<li>Correo\u00a0<span id=\"cloak244e25371c12fe91ef5ccf48e060ffd4\"><a href=\"mailto:ludoteca2020@loscorralesdebuelna.es\">ludoteca2020@loscorralesdebuelna.es<\/a><\/span>\u00a0poniendo en asunto `Descanso Navidad 2023\u00b4. (Se admitir\u00e1 \u00fanicamente formato PDF o Word).<\/li>\n<\/ul>\n<p><strong>Informaci\u00f3n<\/strong><\/p>\n<ul>\n<li>Web:\u00a0<span class=\"d2edcug0 hpfvmrgz qv66sw1b c1et5uql rrkovp55 a8c37x1j keod5gw0 nxhoafnm aigsh9s9 d3f4x2em fe6kdd0r mau55g9w c8b282yb iv3no6db jq4qci2q a3bd9o3v knj5qynh oo9gr5id hzawbc8m\" dir=\"auto\"><a class=\"oajrlxb2 g5ia77u1 qu0x051f esr5mh6w e9989ue4 r7d6kgcz rq0escxv nhd2j8a9 nc684nl6 p7hjln8o kvgmc6g5 cxmmr5t8 oygrvhab hcukyx3x jb3vyjys rz4wbd8a qt6c0cv9 a8nywdso i1ao9s8h esuyzwwr f1sip0of lzcic4wl py34i1dx gpro0wi8\" tabindex=\"0\" role=\"link\" href=\"http:\/\/www.loscorralesdebuelna.es\/?fbclid=IwAR21epmKOPp97fj4NET_BkdCY-WeUH9SMTj0Onb3VfD2qR-g5tKkRgkuTVE\" target=\"_blank\" rel=\"nofollow noopener\">www.loscorralesdebuelna.es<\/a><\/span><\/li>\n<li>Correo\u00a0<span id=\"cloakef6f76651a4d6dd09730a4aad24632be\"><a href=\"mailto:ludoteca2020@loscorralesdebuelna.es\">ludoteca2020@loscorralesdebuelna.es<\/a><\/span><\/li>\n<li>Agencia de Desarrollo Local: 942 83 00 11 de 9,00 a 12,00 h.<\/li>\n<\/ul>\n<\/div>\n<p>&nbsp;<\/p>\n<p>\u00a1Te esperamos!<\/p>\n<\/div>\n","protected":false},"excerpt":{"rendered":"<p>El \u00e1rea de Juventud del Ayuntamiento de Los Corrales de Buelna anuncia las actividades a desarrollar estas navidades, destinadas a ni\u00f1os nacidos de 2011 a 2020. Habr\u00e1 yincanas, talleres, juegos y mucha diversi\u00f3n. Actividades D\u00edas: 26, 27, 28 y 29 diciembre y 2, 3, 4 y 5 de enero Horario: de 10,00 a 14,00 h. [&hellip;]<\/p>\n","protected":false},"author":2,"featured_media":3139,"comment_status":"open","ping_status":"open","sticky":false,"template":"","format":"standard","meta":{"footnotes":""},"categories":[2],"tags":[164,30,210,441,475,83,331,17,194,23],"_links":{"self":[{"href":"http:\/\/espaciolaplaza.es\/index.php\/wp-json\/wp\/v2\/posts\/3136"}],"collection":[{"href":"http:\/\/espaciolaplaza.es\/index.php\/wp-json\/wp\/v2\/posts"}],"about":[{"href":"http:\/\/espaciolaplaza.es\/index.php\/wp-json\/wp\/v2\/types\/post"}],"author":[{"embeddable":true,"href":"http:\/\/espaciolaplaza.es\/index.php\/wp-json\/wp\/v2\/users\/2"}],"replies":[{"embeddable":true,"href":"http:\/\/espaciolaplaza.es\/index.php\/wp-json\/wp\/v2\/comments?post=3136"}],"version-history":[{"count":1,"href":"http:\/\/espaciolaplaza.es\/index.php\/wp-json\/wp\/v2\/posts\/3136\/revisions"}],"predecessor-version":[{"id":3140,"href":"http:\/\/espaciolaplaza.es\/index.php\/wp-json\/wp\/v2\/posts\/3136\/revisions\/3140"}],"wp:featuredmedia":[{"embeddable":true,"href":"http:\/\/espaciolaplaza.es\/index.php\/wp-json\/wp\/v2\/media\/3139"}],"wp:attachment":[{"href":"http:\/\/espaciolaplaza.es\/index.php\/wp-json\/wp\/v2\/media?parent=3136"}],"wp:term":[{"taxonomy":"category","embeddable":true,"href":"http:\/\/espaciolaplaza.es\/index.php\/wp-json\/wp\/v2\/categories?post=3136"},{"taxonomy":"post_tag","embeddable":true,"href":"http:\/\/espaciolaplaza.es\/index.php\/wp-json\/wp\/v2\/tags?post=3136"}],"curies":[{"name":"wp","href":"https:\/\/api.w.org\/{rel}","templated":true}]}}