{"id":3183,"date":"2023-12-13T10:18:27","date_gmt":"2023-12-13T09:18:27","guid":{"rendered":"https:\/\/espaciolaplaza.es\/?p=3183"},"modified":"2023-12-13T10:18:27","modified_gmt":"2023-12-13T09:18:27","slug":"navidad-2023-comete-europa-corrales","status":"publish","type":"post","link":"http:\/\/espaciolaplaza.es\/index.php\/2023\/12\/13\/navidad-2023-comete-europa-corrales\/","title":{"rendered":"Navidad 2023: C\u00f3mete Europa Corrales"},"content":{"rendered":"<p><strong>\u00a1Atenci\u00f3n!<\/strong><\/p>\n<p>La \u00faltima semana de diciembre se celebrar\u00e1 el taller\u00a0<strong>\u2018Abiertos en Navidad: C\u00f3mete Europa Corrales\u2019<\/strong> sobre cocina y manualidades.<\/p>\n<p>El taller se llevar\u00e1 a cabo los d\u00edas\u00a0<strong>26, 27, 28 y 29<\/strong> de diciembre y los d\u00edas <strong>2,3,4 y 5<\/strong> de enero en el horario de <strong>10:00 a 14:00<\/strong>\u00a0horas.<\/p>\n<p>El\u00a0<strong>plazo de inscripci\u00f3n<\/strong>\u00a0estar\u00e1 abierto desde el\u00a0<strong>12 hasta el 19<\/strong>\u00a0de diciembre en el horario de\u00a0<strong>16:00 a 20:00<\/strong>\u00a0horas en la\u00a0<strong>Oficina de Informaci\u00f3n Juvenil<\/strong>\u00a0o a trav\u00e9s del correo electr\u00f3nico\u00a0<strong>oij@loscorralesdelbuelna.es<\/strong> con el asunto \u00abAbiertos en Navidad\u00bb o a trav\u00e9s del numero de tel\u00e9fono <strong>942 83 29 57<\/strong>.<\/p>\n<p>&nbsp;<\/p>\n<p><strong>\u00a1No te lo puedes perder!<\/strong><\/p>\n","protected":false},"excerpt":{"rendered":"<p>\u00a1Atenci\u00f3n! La \u00faltima semana de diciembre se celebrar\u00e1 el taller\u00a0\u2018Abiertos en Navidad: C\u00f3mete Europa Corrales\u2019 sobre cocina y manualidades. El taller se llevar\u00e1 a cabo los d\u00edas\u00a026, 27, 28 y 29 de diciembre y los d\u00edas 2,3,4 y 5 de enero en el horario de 10:00 a 14:00\u00a0horas. El\u00a0plazo de inscripci\u00f3n\u00a0estar\u00e1 abierto desde el\u00a012 hasta [&hellip;]<\/p>\n","protected":false},"author":2,"featured_media":3180,"comment_status":"open","ping_status":"open","sticky":false,"template":"","format":"standard","meta":{"footnotes":""},"categories":[2],"tags":[164,210,481,83,482,17,480,483,167,479],"_links":{"self":[{"href":"http:\/\/espaciolaplaza.es\/index.php\/wp-json\/wp\/v2\/posts\/3183"}],"collection":[{"href":"http:\/\/espaciolaplaza.es\/index.php\/wp-json\/wp\/v2\/posts"}],"about":[{"href":"http:\/\/espaciolaplaza.es\/index.php\/wp-json\/wp\/v2\/types\/post"}],"author":[{"embeddable":true,"href":"http:\/\/espaciolaplaza.es\/index.php\/wp-json\/wp\/v2\/users\/2"}],"replies":[{"embeddable":true,"href":"http:\/\/espaciolaplaza.es\/index.php\/wp-json\/wp\/v2\/comments?post=3183"}],"version-history":[{"count":1,"href":"http:\/\/espaciolaplaza.es\/index.php\/wp-json\/wp\/v2\/posts\/3183\/revisions"}],"predecessor-version":[{"id":3184,"href":"http:\/\/espaciolaplaza.es\/index.php\/wp-json\/wp\/v2\/posts\/3183\/revisions\/3184"}],"wp:featuredmedia":[{"embeddable":true,"href":"http:\/\/espaciolaplaza.es\/index.php\/wp-json\/wp\/v2\/media\/3180"}],"wp:attachment":[{"href":"http:\/\/espaciolaplaza.es\/index.php\/wp-json\/wp\/v2\/media?parent=3183"}],"wp:term":[{"taxonomy":"category","embeddable":true,"href":"http:\/\/espaciolaplaza.es\/index.php\/wp-json\/wp\/v2\/categories?post=3183"},{"taxonomy":"post_tag","embeddable":true,"href":"http:\/\/espaciolaplaza.es\/index.php\/wp-json\/wp\/v2\/tags?post=3183"}],"curies":[{"name":"wp","href":"https:\/\/api.w.org\/{rel}","templated":true}]}}