{"id":3194,"date":"2023-12-22T09:49:49","date_gmt":"2023-12-22T08:49:49","guid":{"rendered":"https:\/\/espaciolaplaza.es\/?p=3194"},"modified":"2023-12-22T09:55:30","modified_gmt":"2023-12-22T08:55:30","slug":"horarios-de-la-biblioteca-en-las-vacaciones-de-navidad","status":"publish","type":"post","link":"http:\/\/espaciolaplaza.es\/index.php\/2023\/12\/22\/horarios-de-la-biblioteca-en-las-vacaciones-de-navidad\/","title":{"rendered":"Horarios de la Biblioteca Municipal estas fiestas"},"content":{"rendered":"<p>Os dejamos por aqu\u00ed los <strong>horarios de la Biblioteca Municipal<\/strong> para estas fiestas navide\u00f1as.<\/p>\n<p>La biblioteca permanecer\u00e1 <strong>cerrada<\/strong> los d\u00edas <strong>22, 25 y 29<\/strong> de diciembre y el <strong>1 y 5<\/strong> de enero.<\/p>\n<p>Por otro lado el horario de atenci\u00f3n al cliente los d\u00edas <strong>26, 27 y 28<\/strong> de diciembre y el <strong>2, 3 y 4<\/strong> de enero ser\u00e1 solo de <strong>09:00 a 15:00 horas<\/strong>.<\/p>\n<p>Disculpen las molestias.<\/p>\n","protected":false},"excerpt":{"rendered":"<p>Os dejamos por aqu\u00ed los horarios de la Biblioteca Municipal para estas fiestas navide\u00f1as. La biblioteca permanecer\u00e1 cerrada los d\u00edas 22, 25 y 29 de diciembre y el 1 y 5 de enero. Por otro lado el horario de atenci\u00f3n al cliente los d\u00edas 26, 27 y 28 de diciembre y el 2, 3 y [&hellip;]<\/p>\n","protected":false},"author":2,"featured_media":3195,"comment_status":"open","ping_status":"open","sticky":false,"template":"","format":"standard","meta":{"footnotes":""},"categories":[2],"tags":[164,210,83,487,17,194,488],"_links":{"self":[{"href":"http:\/\/espaciolaplaza.es\/index.php\/wp-json\/wp\/v2\/posts\/3194"}],"collection":[{"href":"http:\/\/espaciolaplaza.es\/index.php\/wp-json\/wp\/v2\/posts"}],"about":[{"href":"http:\/\/espaciolaplaza.es\/index.php\/wp-json\/wp\/v2\/types\/post"}],"author":[{"embeddable":true,"href":"http:\/\/espaciolaplaza.es\/index.php\/wp-json\/wp\/v2\/users\/2"}],"replies":[{"embeddable":true,"href":"http:\/\/espaciolaplaza.es\/index.php\/wp-json\/wp\/v2\/comments?post=3194"}],"version-history":[{"count":2,"href":"http:\/\/espaciolaplaza.es\/index.php\/wp-json\/wp\/v2\/posts\/3194\/revisions"}],"predecessor-version":[{"id":3200,"href":"http:\/\/espaciolaplaza.es\/index.php\/wp-json\/wp\/v2\/posts\/3194\/revisions\/3200"}],"wp:featuredmedia":[{"embeddable":true,"href":"http:\/\/espaciolaplaza.es\/index.php\/wp-json\/wp\/v2\/media\/3195"}],"wp:attachment":[{"href":"http:\/\/espaciolaplaza.es\/index.php\/wp-json\/wp\/v2\/media?parent=3194"}],"wp:term":[{"taxonomy":"category","embeddable":true,"href":"http:\/\/espaciolaplaza.es\/index.php\/wp-json\/wp\/v2\/categories?post=3194"},{"taxonomy":"post_tag","embeddable":true,"href":"http:\/\/espaciolaplaza.es\/index.php\/wp-json\/wp\/v2\/tags?post=3194"}],"curies":[{"name":"wp","href":"https:\/\/api.w.org\/{rel}","templated":true}]}}