{"id":4139,"date":"2025-03-11T13:14:45","date_gmt":"2025-03-11T12:14:45","guid":{"rendered":"https:\/\/espaciolaplaza.es\/?p=4139"},"modified":"2026-01-20T12:22:10","modified_gmt":"2026-01-20T11:22:10","slug":"cine-comercial-paddington-aventura-en-la-selva","status":"publish","type":"post","link":"http:\/\/espaciolaplaza.es\/index.php\/2025\/03\/11\/cine-comercial-paddington-aventura-en-la-selva\/","title":{"rendered":"Cine Comercial: \u2018Paddington: Aventura en la selva\u2019"},"content":{"rendered":"<div class=\"credits\">No te pierdas este finde semana la proyecci\u00f3n de la pel\u00edcula animada <strong>\u2018Paddington: Aventura en la selva\u2019<\/strong>, en el\u00a0<strong>Teatro Municipal<\/strong>\u00a0de\u00a0<strong>Los Corrales de Buelna<\/strong>.<\/div>\n<div>\n<ul>\n<li>D\u00edas: 14, 16 y 17 de marzo.<\/li>\n<li>Hora: 17:00 y 19:00 h.<\/li>\n<li>Lugar: Teatro Municipal de Los Corrales de Buelna.<\/li>\n<li>Entrada general: 4,71\u20ac venta de entradas en taquilla y en\u00a0<a href=\"https:\/\/www.reservaentradas.com\/cine\/cantabria\/teatroloscorralesdebuelna\">reservaentradas.com<\/a><\/li>\n<\/ul>\n<\/div>\n<p><em>Paddington y la familia Brown visitan a la t\u00eda Lucy en Per\u00fa, pero un misterio los env\u00eda a la selva amaz\u00f3nica y a las monta\u00f1as peruanas. (FILMAFFINITY)<\/em><\/p>\n<dl class=\"movie-info\">\n<dt>T\u00edtulo original: Paddington in Peru: Lost in The Jungle<span class=\"show-akas ui-corner-all\">aka\u00a0<i class=\"fa-solid fa-caret-down\"><\/i><\/span><\/dt>\n<dt>A\u00f1o: 2024<\/dt>\n<dt>Duraci\u00f3n: 106 min.<\/dt>\n<dt>Pa\u00eds: Reino Unido<\/dt>\n<dt>Direcci\u00f3n: Dougal Wilson<\/dt>\n<dt>Guion: <span class=\"nb\">Mark Burton,<\/span>\u00a0<span class=\"nb\">Jon Foster,<\/span>\u00a0<span class=\"nb\">James Lamont.<\/span><i>\u00a0<\/i><\/dt>\n<dt>Personaje:\u00a0<span class=\"nb\">Michael Bond.<\/span><\/dt>\n<dt>Historia:\u00a0<span class=\"nb\">Mark Burton,<\/span>\u00a0<span class=\"nb\">Simon Farnaby,<\/span>\u00a0<span class=\"nb\">Paul King.<\/span><\/dt>\n<\/dl>\n<p>\u00a1Te esperamos!<\/p>\n","protected":false},"excerpt":{"rendered":"<p>No te pierdas este finde semana la proyecci\u00f3n de la pel\u00edcula animada \u2018Paddington: Aventura en la selva\u2019, en el\u00a0Teatro Municipal\u00a0de\u00a0Los Corrales de Buelna. D\u00edas: 14, 16 y 17 de marzo. Hora: 17:00 y 19:00 h. Lugar: Teatro Municipal de Los Corrales de Buelna. Entrada general: 4,71\u20ac venta de entradas en taquilla y en\u00a0reservaentradas.com Paddington y [&hellip;]<\/p>\n","protected":false},"author":2,"featured_media":4365,"comment_status":"closed","ping_status":"closed","sticky":false,"template":"","format":"standard","meta":{"footnotes":""},"categories":[671,2],"tags":[164,210,38,673,862,874,793,83,17,885,886,240,134,40],"_links":{"self":[{"href":"http:\/\/espaciolaplaza.es\/index.php\/wp-json\/wp\/v2\/posts\/4139"}],"collection":[{"href":"http:\/\/espaciolaplaza.es\/index.php\/wp-json\/wp\/v2\/posts"}],"about":[{"href":"http:\/\/espaciolaplaza.es\/index.php\/wp-json\/wp\/v2\/types\/post"}],"author":[{"embeddable":true,"href":"http:\/\/espaciolaplaza.es\/index.php\/wp-json\/wp\/v2\/users\/2"}],"replies":[{"embeddable":true,"href":"http:\/\/espaciolaplaza.es\/index.php\/wp-json\/wp\/v2\/comments?post=4139"}],"version-history":[{"count":2,"href":"http:\/\/espaciolaplaza.es\/index.php\/wp-json\/wp\/v2\/posts\/4139\/revisions"}],"predecessor-version":[{"id":4145,"href":"http:\/\/espaciolaplaza.es\/index.php\/wp-json\/wp\/v2\/posts\/4139\/revisions\/4145"}],"wp:featuredmedia":[{"embeddable":true,"href":"http:\/\/espaciolaplaza.es\/index.php\/wp-json\/wp\/v2\/media\/4365"}],"wp:attachment":[{"href":"http:\/\/espaciolaplaza.es\/index.php\/wp-json\/wp\/v2\/media?parent=4139"}],"wp:term":[{"taxonomy":"category","embeddable":true,"href":"http:\/\/espaciolaplaza.es\/index.php\/wp-json\/wp\/v2\/categories?post=4139"},{"taxonomy":"post_tag","embeddable":true,"href":"http:\/\/espaciolaplaza.es\/index.php\/wp-json\/wp\/v2\/tags?post=4139"}],"curies":[{"name":"wp","href":"https:\/\/api.w.org\/{rel}","templated":true}]}}