{"id":4240,"date":"2025-10-08T08:38:54","date_gmt":"2025-10-08T07:38:54","guid":{"rendered":"https:\/\/espaciolaplaza.es\/?p=4240"},"modified":"2026-01-20T12:31:34","modified_gmt":"2026-01-20T11:31:34","slug":"cantarina-llega-a-los-corrales-de-buelna","status":"publish","type":"post","link":"http:\/\/espaciolaplaza.es\/index.php\/2025\/10\/08\/cantarina-llega-a-los-corrales-de-buelna\/","title":{"rendered":"&#8216;Cantarina&#8217; llega a Los Corrales de Buelna"},"content":{"rendered":"<p>No te pierdas este viernes <strong>10 de octubre<\/strong> el concierto de <strong>&#8216;Cantarina&#8217;<\/strong>\u00a0en el <strong>Teatro Municipal de Los Corrales de Buelna<\/strong>.<\/p>\n<p><strong>&#8216;Cantarina&#8217;<\/strong> es un proyecto musical de<strong>\u00a0Mar\u00eda M\u00e9ndez Orozco<\/strong>, int\u00e9rprete y compositora de estilo independiente, con aire folk.<\/p>\n<p>Sus letras tratan, fundamentalmente,\u00a0<strong>sobre el amor y la belleza de lo cotidiano<\/strong>; sobre la necesidad de agradecer y aprovechar cada d\u00eda, tratando de transmitir al p\u00fablico emociones positivas. En todo este proyecto, as\u00ed como en la puesta en escena en directo, cuenta con el apoyo inestimable de su amigo y mentor, el m\u00fasico c\u00e1ntabro Ram\u00f3n Bueno, quien la acompa\u00f1a y enriquece sus obras con arreglos de acorde\u00f3n y piano.<\/p>\n<p>El evento, con <strong>entrada libre hasta completar el aforo<\/strong>, tendr\u00e1 lugar a las <strong>19:30 h.<\/strong><\/p>\n<p>\u00a1Te esperamos!<\/p>\n","protected":false},"excerpt":{"rendered":"<p>No te pierdas este viernes 10 de octubre el concierto de &#8216;Cantarina&#8217;\u00a0en el Teatro Municipal de Los Corrales de Buelna. &#8216;Cantarina&#8217; es un proyecto musical de\u00a0Mar\u00eda M\u00e9ndez Orozco, int\u00e9rprete y compositora de estilo independiente, con aire folk. Sus letras tratan, fundamentalmente,\u00a0sobre el amor y la belleza de lo cotidiano; sobre la necesidad de agradecer y [&hellip;]<\/p>\n","protected":false},"author":2,"featured_media":4382,"comment_status":"closed","ping_status":"closed","sticky":false,"template":"","format":"standard","meta":{"footnotes":""},"categories":[2],"tags":[164,210,944,80,793,83,17,945,77,145,134,40],"_links":{"self":[{"href":"http:\/\/espaciolaplaza.es\/index.php\/wp-json\/wp\/v2\/posts\/4240"}],"collection":[{"href":"http:\/\/espaciolaplaza.es\/index.php\/wp-json\/wp\/v2\/posts"}],"about":[{"href":"http:\/\/espaciolaplaza.es\/index.php\/wp-json\/wp\/v2\/types\/post"}],"author":[{"embeddable":true,"href":"http:\/\/espaciolaplaza.es\/index.php\/wp-json\/wp\/v2\/users\/2"}],"replies":[{"embeddable":true,"href":"http:\/\/espaciolaplaza.es\/index.php\/wp-json\/wp\/v2\/comments?post=4240"}],"version-history":[{"count":3,"href":"http:\/\/espaciolaplaza.es\/index.php\/wp-json\/wp\/v2\/posts\/4240\/revisions"}],"predecessor-version":[{"id":4243,"href":"http:\/\/espaciolaplaza.es\/index.php\/wp-json\/wp\/v2\/posts\/4240\/revisions\/4243"}],"wp:featuredmedia":[{"embeddable":true,"href":"http:\/\/espaciolaplaza.es\/index.php\/wp-json\/wp\/v2\/media\/4382"}],"wp:attachment":[{"href":"http:\/\/espaciolaplaza.es\/index.php\/wp-json\/wp\/v2\/media?parent=4240"}],"wp:term":[{"taxonomy":"category","embeddable":true,"href":"http:\/\/espaciolaplaza.es\/index.php\/wp-json\/wp\/v2\/categories?post=4240"},{"taxonomy":"post_tag","embeddable":true,"href":"http:\/\/espaciolaplaza.es\/index.php\/wp-json\/wp\/v2\/tags?post=4240"}],"curies":[{"name":"wp","href":"https:\/\/api.w.org\/{rel}","templated":true}]}}