{"id":2071,"date":"2022-04-04T14:38:12","date_gmt":"2022-04-04T13:38:12","guid":{"rendered":"http:\/\/espaciolaplaza.es\/?p=2071"},"modified":"2022-04-04T14:38:12","modified_gmt":"2022-04-04T13:38:12","slug":"curso-gratuito-de-generos-cinematograficos","status":"publish","type":"post","link":"https:\/\/espaciolaplaza.es\/index.php\/2022\/04\/04\/curso-gratuito-de-generos-cinematograficos\/","title":{"rendered":"Curso gratuito de g\u00e9neros cinematogr\u00e1ficos"},"content":{"rendered":"<p>El Teatro Municipal de Los Corrales de Buena acoger\u00e1 los d\u00edas 5, 12, 19 y 26 de abril, el Curso de Cine: \u00abClaves del Cine por G\u00e9neros\u00bb 3\u00ba Parte, organizado por la concejal\u00eda de Cultura.<\/p>\n<p>Una actividad con entrada libre hasta completar aforo para la que no se precisa tener conocimientos previos sobre la materia y que se impartir\u00e1 todos los martes del mes de abril, a partir de las 20 horas.<\/p>\n<div class=\"cxmmr5t8 oygrvhab hcukyx3x c1et5uql o9v6fnle ii04i59q\">\n<div dir=\"auto\">Esta edici\u00f3n del curso estar\u00e1 estructurada en cuatro categor\u00edas y tratar\u00e1 de mostrar a los asistentes, de una manera sencilla y amena, la evoluci\u00f3n de otros tantos g\u00e9neros cinematogr\u00e1ficos\u00a0 (Thriller moderno, Terror Cl\u00e1sico, Melodrama y Musical).<\/div>\n<div dir=\"auto\">Adem\u00e1s, y a modo de planteamiento pr\u00e1ctico de los contenidos, en cada una de las jornadas se prestar\u00e1 especial atenci\u00f3n a una pel\u00edcula representativa de cada uno de estos g\u00e9neros. De esta forma, a trav\u00e9s del an\u00e1lisis y debate de las grandes obras del cine, se permitir\u00e1 al p\u00fablico, profundizar en el conocimiento del s\u00e9ptimo arte.<\/div>\n<div dir=\"auto\"><\/div>\n<\/div>\n<div class=\"cxmmr5t8 oygrvhab hcukyx3x c1et5uql o9v6fnle ii04i59q\">\n<div dir=\"auto\">\ud835\udde0\ud835\uddf2\ud835\ude01\ud835\uddfc\ud835\uddf1\ud835\uddfc\ud835\uddf9\ud835\uddfc\ud835\uddf4\u00ed\ud835\uddee<\/div>\n<div dir=\"auto\">Se proyectar\u00e1 (en versi\u00f3n original subtitulada), analizar\u00e1 y debatir\u00e1 una pel\u00edcula representativa de un g\u00e9nero, corriente o estilo cinematogr\u00e1fico. Adem\u00e1s, cada sesi\u00f3n servir\u00e1 para clarificar algunos de los fundamentos b\u00e1sicos del lenguaje y la narrativa audiovisual, imprescindibles para ahondar en el an\u00e1lisis cr\u00edtico de las grandes obras maestras que nos dej\u00f3 el pasado siglo XX.<\/div>\n<div dir=\"auto\"><\/div>\n<\/div>\n<div class=\"cxmmr5t8 oygrvhab hcukyx3x c1et5uql o9v6fnle ii04i59q\">\n<div dir=\"auto\">\ud835\udde3\ud835\uddff\ud835\uddfc\ud835\uddf3\ud835\uddf2\ud835\ude00\ud835\uddfc\ud835\uddff\/\ud835\udde3\ud835\uddfc\ud835\uddfb\ud835\uddf2\ud835\uddfb\ud835\ude01\ud835\uddf2:<\/div>\n<div dir=\"auto\">\ud835\uddda\ud835\ude02\ud835\uddf6\ud835\uddf9\ud835\uddf9\ud835\uddf2\ud835\uddff\ud835\uddfa\ud835\uddfc \ud835\udde0\ud835\uddee\ud835\uddff\ud835\ude01\u00ed\ud835\uddfb\ud835\uddf2\ud835\ude07 \ud835\uddd5\u00e1\ud835\uddff\ud835\uddf0\ud835\uddf2\ud835\uddfb\ud835\uddee \ud835\uddd7\ud835\uddf6\ud835\uddff\ud835\uddf2\ud835\uddf0\ud835\ude01\ud835\uddfc\ud835\uddff \ud835\uddf1\ud835\uddf2\ud835\uddf9 \ud835\uddd4\ud835\ude02\ud835\uddf9\ud835\uddee \ud835\uddf1\ud835\uddf2 \ud835\uddd6\ud835\uddf6\ud835\uddfb\ud835\uddf2 \ud835\uddf1\ud835\uddf2 \ud835\uddf9\ud835\uddee \ud835\udde8\ud835\uddfb\ud835\uddf6\ud835\ude03\ud835\uddf2\ud835\uddff\ud835\ude00\ud835\uddf6\ud835\uddf1\ud835\uddee\ud835\uddf1 \ud835\uddf1\ud835\uddf2 \ud835\uddd6\ud835\uddee\ud835\uddfb\ud835\ude01\ud835\uddee\ud835\uddef\ud835\uddff\ud835\uddf6\ud835\uddee. \ud835\udde3\ud835\uddff\ud835\uddfc\ud835\uddf3\ud835\uddf2\ud835\ude00\ud835\uddfc\ud835\uddff \ud835\uddf1\ud835\uddf2 \u201c\ud835\udddb\ud835\uddf6\ud835\ude00\ud835\ude01\ud835\uddfc\ud835\uddff\ud835\uddf6\ud835\uddee \ud835\uddf1\ud835\uddf2\ud835\uddf9 \ud835\uddf0\ud835\uddf6\ud835\uddfb\ud835\uddf2 \ud835\ude06 \ud835\uddf9\ud835\uddee \ud835\udde7\ud835\udde9\u201d \ud835\uddf2\ud835\uddfb \ud835\uddf9\ud835\uddee \ud835\udde8\ud835\uddfb\ud835\uddf6\ud835\ude03\ud835\uddf2\ud835\uddff\ud835\ude00\ud835\uddf6\ud835\uddf1\ud835\uddee\ud835\uddf1 \ud835\uddd8\ud835\ude02\ud835\uddff\ud835\uddfc\ud835\uddfd\ud835\uddf2\ud835\uddee \ud835\uddf1\ud835\uddf2\ud835\uddf9 \ud835\uddd4\ud835\ude01\ud835\uddf9\u00e1\ud835\uddfb\ud835\ude01\ud835\uddf6\ud835\uddf0\ud835\uddfc. \ud835\uddd6\ud835\uddfc\ud835\uddfb\ud835\uddf3\ud835\uddf2\ud835\uddff\ud835\uddf2\ud835\uddfb\ud835\uddf0\ud835\uddf6\ud835\uddee\ud835\uddfb\ud835\ude01\ud835\uddf2, \ud835\uddf2\ud835\uddfb\ud835\ude00\ud835\uddee\ud835\ude06\ud835\uddf6\ud835\ude00\ud835\ude01\ud835\uddee \ud835\ude06 \ud835\uddf0\ud835\uddff\u00ed\ud835\ude01\ud835\uddf6\ud835\uddf0\ud835\uddfc \ud835\uddf1\ud835\uddf2 \ud835\uddf0\ud835\uddf6\ud835\uddfb\ud835\uddf2<\/div>\n<\/div>\n<p>&nbsp;<\/p>\n<p><strong>Programaci\u00f3n \/Pel\u00edculas:<\/strong><\/p>\n<p>Thriller moderno: \u00abAtraco Perfecto\u00bb, de Stanley Kubrick (1956)<\/p>\n<p>Terror cl\u00e1sico: \u00abLa Mujer Pantera\u00bb, Jacques Tourneur (1942)<\/p>\n<p>Melodrama: \u00abEscrito sobre el Viento\u00bb, Douglas Sirk (1956)<\/p>\n<p>Musical: \u00abCantando bajo la Lluvia\u00bb, de Stanley Donen y Gene Kelly ( 1952)<\/p>\n<p>&nbsp;<\/p>\n<p>El cine es, sin duda, uno de los medios de expresi\u00f3n art\u00edstica m\u00e1s importantes de nuestro tiempo. En poco m\u00e1s de cien a\u00f1os se ha convertido en un poderos\u00edsimo instrumento de comunicaci\u00f3n social, ha revolucionado el lenguaje audiovisual y ha alcanzado una incuestionable legitimaci\u00f3n cultural. Porque el bien llamado S\u00e9ptimo Arte, que naci\u00f3 a finales del siglo XIX como una forma de diversi\u00f3n, con el tiempo ha logrado trascender este aspecto l\u00fadico para transformarse en uno de los agentes principales de la<br \/>\ncultura y la educaci\u00f3n.<\/p>\n<p>En este contexto, el p\u00fablico, cada vez m\u00e1s heterog\u00e9neo, ha ido demandando, con mayor asiduidad, un lugar donde poder reflexionar y debatir sobre el hecho f\u00edlmico; un centro donde desarrollar su inter\u00e9s por profundizar en el conocimiento de su lenguaje, sus manifestaciones expresivas y est\u00e9ticas, su historia y su legado.<\/p>\n<p>Atendiendo a esa demanda social, este curso nace ante la incuestionable necesidad actual de una educaci\u00f3n audiovisual, procurando combinar divulgaci\u00f3n y formaci\u00f3n, transmitiendo la necesidad de poseer una actitud reflexiva ante los mensajes audiovisuales, fomentando el esp\u00edritu cr\u00edtico y en \u00faltima instancia formando espectadores activos e indagadores.<\/p>\n<p>Adem\u00e1s,\u00a0 se tratar\u00e1 de aportar una perspectiva hist\u00f3rica que permita reconocer e identificar los rasgos estil\u00edsticos de los principales g\u00e9neros cinematogr\u00e1ficos y sus m\u00e1s insignes autores.<\/p>\n","protected":false},"excerpt":{"rendered":"<p>El Teatro Municipal de Los Corrales de Buena acoger\u00e1 los d\u00edas 5, 12, 19 y 26 de abril, el Curso de Cine: \u00abClaves del Cine por G\u00e9neros\u00bb 3\u00ba Parte, organizado por la concejal\u00eda de Cultura. Una actividad con entrada libre hasta completar aforo para la que no se precisa tener conocimientos previos sobre la materia [&hellip;]<\/p>\n","protected":false},"author":2,"featured_media":2072,"comment_status":"open","ping_status":"open","sticky":false,"template":"","format":"standard","meta":{"footnotes":""},"categories":[2],"tags":[38,49,42,43,47,44,46,41,39,40,48,45],"_links":{"self":[{"href":"https:\/\/espaciolaplaza.es\/index.php\/wp-json\/wp\/v2\/posts\/2071"}],"collection":[{"href":"https:\/\/espaciolaplaza.es\/index.php\/wp-json\/wp\/v2\/posts"}],"about":[{"href":"https:\/\/espaciolaplaza.es\/index.php\/wp-json\/wp\/v2\/types\/post"}],"author":[{"embeddable":true,"href":"https:\/\/espaciolaplaza.es\/index.php\/wp-json\/wp\/v2\/users\/2"}],"replies":[{"embeddable":true,"href":"https:\/\/espaciolaplaza.es\/index.php\/wp-json\/wp\/v2\/comments?post=2071"}],"version-history":[{"count":1,"href":"https:\/\/espaciolaplaza.es\/index.php\/wp-json\/wp\/v2\/posts\/2071\/revisions"}],"predecessor-version":[{"id":2073,"href":"https:\/\/espaciolaplaza.es\/index.php\/wp-json\/wp\/v2\/posts\/2071\/revisions\/2073"}],"wp:featuredmedia":[{"embeddable":true,"href":"https:\/\/espaciolaplaza.es\/index.php\/wp-json\/wp\/v2\/media\/2072"}],"wp:attachment":[{"href":"https:\/\/espaciolaplaza.es\/index.php\/wp-json\/wp\/v2\/media?parent=2071"}],"wp:term":[{"taxonomy":"category","embeddable":true,"href":"https:\/\/espaciolaplaza.es\/index.php\/wp-json\/wp\/v2\/categories?post=2071"},{"taxonomy":"post_tag","embeddable":true,"href":"https:\/\/espaciolaplaza.es\/index.php\/wp-json\/wp\/v2\/tags?post=2071"}],"curies":[{"name":"wp","href":"https:\/\/api.w.org\/{rel}","templated":true}]}}