{"id":2081,"date":"2022-04-15T09:42:08","date_gmt":"2022-04-15T08:42:08","guid":{"rendered":"http:\/\/espaciolaplaza.es\/?p=2081"},"modified":"2022-04-12T10:00:13","modified_gmt":"2022-04-12T09:00:13","slug":"el-22-de-abril-se-celebrara-la-entrega-de-premios-del-i-concurso-literario-juvenil","status":"publish","type":"post","link":"https:\/\/espaciolaplaza.es\/index.php\/2022\/04\/15\/el-22-de-abril-se-celebrara-la-entrega-de-premios-del-i-concurso-literario-juvenil\/","title":{"rendered":"El 22 de abril se celebrar\u00e1 la entrega de premios del I Concurso Literario Juvenil"},"content":{"rendered":"<div dir=\"auto\">El I Concurso Literario Juvenil: modalidad relato o narraci\u00f3n breve, organizado por el Ayuntamiento de Los Corrales de Buelna,\u00a0 ya tiene ganadores.<\/div>\n<div dir=\"auto\">El pr\u00f3ximo viernes, 22 de abril, en la Biblioteca Municipal <a class=\"oajrlxb2 g5ia77u1 qu0x051f esr5mh6w e9989ue4 r7d6kgcz rq0escxv nhd2j8a9 nc684nl6 p7hjln8o kvgmc6g5 cxmmr5t8 oygrvhab hcukyx3x jb3vyjys rz4wbd8a qt6c0cv9 a8nywdso i1ao9s8h esuyzwwr f1sip0of lzcic4wl gpro0wi8 py34i1dx\" tabindex=\"0\" role=\"link\" href=\"https:\/\/www.facebook.com\/hashtag\/espaciolaplaza?__cft__[0]=AZWb3STEaOqp712hEVJW3GDEd-yzAS4JUBujR1o4uxhiQynSXKHhBHwpIxmUdYHGtFmIdhdi6i9PekiQm3Hn6dRZEBqehyuuTHMEZBbNXSE_jL6Kz99Rfg7W5HhwUSLxL7w&amp;__tn__=*NK-R\" target=\"_blank\" rel=\"noopener\">#EspacioLaPlaza,<\/a> se har\u00e1 entrega de los premios correspondientes a este proyecto incluido en la programaci\u00f3n de \u00abNoviembre Literario\u00bb, para j\u00f3venes estudiantes de ESO y Bachillerato del municipio.<\/div>\n<div dir=\"auto\">El acto tendr\u00e1 lugar en la Biblioteca Municipal.<\/div>\n<div dir=\"auto\"><\/div>\n<div dir=\"auto\">El plazo de presentaci\u00f3n de trabajos finaliz\u00f3 el pasado 28 de febrero y este viernes,\u00a0 15 de abril, el jurado emiti\u00f3 su fallo.<\/div>\n<div dir=\"auto\">Las bases del certamen establecieron tres categor\u00edas, con dos premios por cada una de ellas.<\/div>\n<div dir=\"auto\"><\/div>\n<div dir=\"auto\">Categor\u00eda 1: estudiantes de 1\u00ba y 2\u00ba de ESO<\/div>\n<div dir=\"auto\">Categor\u00eda 2:\u00a0 estudiantes de 3\u00ba y 4\u00ba de la ESO<\/div>\n<div dir=\"auto\">Categor\u00eda 3: estudiantes de 1\u00ba y 2\u00ba de Bachillerato<\/div>\n<div dir=\"auto\"><\/div>\n<div dir=\"auto\"><\/div>\n<div dir=\"auto\"><\/div>\n","protected":false},"excerpt":{"rendered":"<p>El I Concurso Literario Juvenil: modalidad relato o narraci\u00f3n breve, organizado por el Ayuntamiento de Los Corrales de Buelna,\u00a0 ya tiene ganadores. El pr\u00f3ximo viernes, 22 de abril, en la Biblioteca Municipal #EspacioLaPlaza, se har\u00e1 entrega de los premios correspondientes a este proyecto incluido en la programaci\u00f3n de \u00abNoviembre Literario\u00bb, para j\u00f3venes estudiantes de ESO [&hellip;]<\/p>\n","protected":false},"author":2,"featured_media":2082,"comment_status":"open","ping_status":"open","sticky":false,"template":"","format":"standard","meta":{"footnotes":""},"categories":[2],"tags":[62,63,64,65,17,67,66],"_links":{"self":[{"href":"https:\/\/espaciolaplaza.es\/index.php\/wp-json\/wp\/v2\/posts\/2081"}],"collection":[{"href":"https:\/\/espaciolaplaza.es\/index.php\/wp-json\/wp\/v2\/posts"}],"about":[{"href":"https:\/\/espaciolaplaza.es\/index.php\/wp-json\/wp\/v2\/types\/post"}],"author":[{"embeddable":true,"href":"https:\/\/espaciolaplaza.es\/index.php\/wp-json\/wp\/v2\/users\/2"}],"replies":[{"embeddable":true,"href":"https:\/\/espaciolaplaza.es\/index.php\/wp-json\/wp\/v2\/comments?post=2081"}],"version-history":[{"count":3,"href":"https:\/\/espaciolaplaza.es\/index.php\/wp-json\/wp\/v2\/posts\/2081\/revisions"}],"predecessor-version":[{"id":2085,"href":"https:\/\/espaciolaplaza.es\/index.php\/wp-json\/wp\/v2\/posts\/2081\/revisions\/2085"}],"wp:featuredmedia":[{"embeddable":true,"href":"https:\/\/espaciolaplaza.es\/index.php\/wp-json\/wp\/v2\/media\/2082"}],"wp:attachment":[{"href":"https:\/\/espaciolaplaza.es\/index.php\/wp-json\/wp\/v2\/media?parent=2081"}],"wp:term":[{"taxonomy":"category","embeddable":true,"href":"https:\/\/espaciolaplaza.es\/index.php\/wp-json\/wp\/v2\/categories?post=2081"},{"taxonomy":"post_tag","embeddable":true,"href":"https:\/\/espaciolaplaza.es\/index.php\/wp-json\/wp\/v2\/tags?post=2081"}],"curies":[{"name":"wp","href":"https:\/\/api.w.org\/{rel}","templated":true}]}}