{"id":2169,"date":"2022-07-06T13:07:47","date_gmt":"2022-07-06T12:07:47","guid":{"rendered":"http:\/\/espaciolaplaza.es\/?p=2169"},"modified":"2022-07-06T13:07:47","modified_gmt":"2022-07-06T12:07:47","slug":"cursos-de-verano-de-la-uc-y-actividades-culturales-del-6-al-8-de-julio","status":"publish","type":"post","link":"https:\/\/espaciolaplaza.es\/index.php\/2022\/07\/06\/cursos-de-verano-de-la-uc-y-actividades-culturales-del-6-al-8-de-julio\/","title":{"rendered":"Cursos de Verano de la UC y actividades culturales, del 6 al 8 de julio"},"content":{"rendered":"<p>Un a\u00f1o m\u00e1s llegan los Cursos de Verano de la Universidad de Cantabria a su sede de Los Corrales de Buelna. Ya son ocho los veranos que la universidad c\u00e1ntabra trae sus cursos hasta nuestro municipio, estrenando este a\u00f1o la sede del Edificio La Plaza.<\/p>\n<p>Del 6 al 8 de julio, se desarrollar\u00e1 el curso \u00ab<strong>La Riqueza patrimonial del Valle de Buelna\u00bb,\u00a0<\/strong>dirigido por la profesora doctora de la UC, Mar\u00eda Dolores Odriozola Zamanillo,<\/p>\n<div id=\"ctl00_ctl45_g_7863f790_db7f_4cf0_982a_b20bd5b94d56_pnlObjetivos\">El valle de Buelna cuenta con vestigios de gran inter\u00e9s cultural que completan los hallazgos primitivos de la comunidad aut\u00f3noma de Cantabria. Adem\u00e1s, el patrimonio de la zona cuenta con otros interesantes referentes en el \u00e1mbito del patrimonio arquitect\u00f3nico religioso y civil, e industrial. El an\u00e1lisis del patrimonio aporta un conocimiento profundo de las sociedades que han habitado en el entorno y su cultura. Este curso tiene varios objetivos, conocer el patrimonio arquitect\u00f3nico y paisaj\u00edstico del valle de Buelna poniendo en valor el territorio, as\u00ed como descubrir el patrimonio industrial actual del que dispone la zona y su evoluci\u00f3n en los \u00faltimos a\u00f1os de la mano de grandes empresas de la zona (Celsa Group, Uvesco, Hitachi Astemo, Okoru, etc). Por \u00faltimo, el curso tratar\u00e1 de mostrar las oportunidades que ofrece esta zona geogr\u00e1fica de Cantabria y se llevar\u00e1 a cabo una actividad guiada en el territorio.<\/div>\n<div><\/div>\n<div>Este curso est\u00e1 destinado a gestores patrimoniales y culturales, monitores de tiempo libre, estudiantes universitarios o p\u00fablico interesado en la cultura y patrimonio regional.<\/div>\n<div><\/div>\n<div><strong>Actividades Culturales<\/strong><\/div>\n<div>Tambi\u00e9n el mi\u00e9rcoles, 6 de julio, dentro de la programaci\u00f3n de actividades culturales, tendremos la oportunidad de participar en la conferencia\u00a0 <strong>\u00abC\u00f3mo emprender en el mundo rural y no morir en el intento\u00bb<\/strong>, impartida por Ver\u00f3nica Ramos Foubelo; gerente y consultora lebaniega MyB. Tendr\u00e1 lugar en el Edificio Cultural La Plaza, a partir de las 19 horas, con entrada libre hasta completar aforo.<\/div>\n<p>&nbsp;<\/p>\n<p>El jueves, 7 de julio, llegar\u00e1 el turno del Taller <strong>\u00abMiradas sobre el paisaje. Interpretar los paisajes culturales a trav\u00e9s de la fotograf\u00eda\u00bb,\u00a0<\/strong>con Susana Pacheco Ibars, gerente de Nansa Natural. El taller se impartir\u00e1 en Espacio La Plaza, a partir de las 16:30 horas. Para participar en \u00e9l es necesario inscribirse previamente en odriozolamd@unican.es<\/p>\n<p>Y por \u00faltimo, el viernes, 8 de julio, la agrupaci\u00f3n musical <strong>Ensemble UC<\/strong> ofrecer\u00e1 un concierto en el Teatro Municipal de Los Corrales de Buelna a las 19 horas. Con entrada libre hasta completar aforo.<\/p>\n<p>Ensemble UC es una agrupaci\u00f3n vinculada al Aula de M\u00fasica de la Universidad de Cantabria, dirigida por V\u00edctor Manuel Aja. En su actuaci\u00f3n haremos un recorrido por diferentes \u00ablugares y tiempos diversos, desde Ucrania hasta Irlanda; desde el Renacimiento hasta el siglo XXI\u00bb<\/p>\n<p>&nbsp;<\/p>\n<p>&nbsp;<\/p>\n<p>&nbsp;<\/p>\n<p>&nbsp;<\/p>\n","protected":false},"excerpt":{"rendered":"<p>Un a\u00f1o m\u00e1s llegan los Cursos de Verano de la Universidad de Cantabria a su sede de Los Corrales de Buelna. Ya son ocho los veranos que la universidad c\u00e1ntabra trae sus cursos hasta nuestro municipio, estrenando este a\u00f1o la sede del Edificio La Plaza. Del 6 al 8 de julio, se desarrollar\u00e1 el curso [&hellip;]<\/p>\n","protected":false},"author":2,"featured_media":2170,"comment_status":"open","ping_status":"open","sticky":false,"template":"","format":"standard","meta":{"footnotes":""},"categories":[2],"tags":[80,104,103,105,108,109,107,106,86,95],"_links":{"self":[{"href":"https:\/\/espaciolaplaza.es\/index.php\/wp-json\/wp\/v2\/posts\/2169"}],"collection":[{"href":"https:\/\/espaciolaplaza.es\/index.php\/wp-json\/wp\/v2\/posts"}],"about":[{"href":"https:\/\/espaciolaplaza.es\/index.php\/wp-json\/wp\/v2\/types\/post"}],"author":[{"embeddable":true,"href":"https:\/\/espaciolaplaza.es\/index.php\/wp-json\/wp\/v2\/users\/2"}],"replies":[{"embeddable":true,"href":"https:\/\/espaciolaplaza.es\/index.php\/wp-json\/wp\/v2\/comments?post=2169"}],"version-history":[{"count":1,"href":"https:\/\/espaciolaplaza.es\/index.php\/wp-json\/wp\/v2\/posts\/2169\/revisions"}],"predecessor-version":[{"id":2171,"href":"https:\/\/espaciolaplaza.es\/index.php\/wp-json\/wp\/v2\/posts\/2169\/revisions\/2171"}],"wp:featuredmedia":[{"embeddable":true,"href":"https:\/\/espaciolaplaza.es\/index.php\/wp-json\/wp\/v2\/media\/2170"}],"wp:attachment":[{"href":"https:\/\/espaciolaplaza.es\/index.php\/wp-json\/wp\/v2\/media?parent=2169"}],"wp:term":[{"taxonomy":"category","embeddable":true,"href":"https:\/\/espaciolaplaza.es\/index.php\/wp-json\/wp\/v2\/categories?post=2169"},{"taxonomy":"post_tag","embeddable":true,"href":"https:\/\/espaciolaplaza.es\/index.php\/wp-json\/wp\/v2\/tags?post=2169"}],"curies":[{"name":"wp","href":"https:\/\/api.w.org\/{rel}","templated":true}]}}