{"id":2380,"date":"2023-02-10T09:32:14","date_gmt":"2023-02-10T08:32:14","guid":{"rendered":"http:\/\/espaciolaplaza.es\/?p=2380"},"modified":"2024-09-10T09:32:08","modified_gmt":"2024-09-10T08:32:08","slug":"teatro-familiar-durante-las-vacaciones-escolares-de-carnaval","status":"publish","type":"post","link":"https:\/\/espaciolaplaza.es\/index.php\/2023\/02\/10\/teatro-familiar-durante-las-vacaciones-escolares-de-carnaval\/","title":{"rendered":"Teatro familiar durante las vacaciones escolares de Carnaval"},"content":{"rendered":"<p>Los pr\u00f3ximos d\u00edas 21, 22 y 23 de febrero, el Teatro Municipal de Los Corrales de Buelna acoger\u00e1 un peque\u00f1o Ciclo de Teatro Familiar, con entrada libre hasta completar aforo.<\/p>\n<p><strong>Martes, 21 de febrero, a las 18 horas.<\/strong><\/p>\n<p>El Circo de la Tortuga, de C\u00eda. La Tortuga Veloz (Madrid)<\/p>\n<p><strong>Mi\u00e9rcoles, 22 de febrero, a las 18 horas.<\/strong><\/p>\n<p>Efecto Mariposa, de C\u00eda. T\u00edteres y Sol (Toledo)<\/p>\n<p><strong>Jueves, 23 de febrero, a las 18 horas.<\/strong><\/p>\n<p>El viaje de Covaletti, de C\u00eda Higi\u00e9nico Papel (Asturias)<\/p>\n","protected":false},"excerpt":{"rendered":"<p>Los pr\u00f3ximos d\u00edas 21, 22 y 23 de febrero, el Teatro Municipal de Los Corrales de Buelna acoger\u00e1 un peque\u00f1o Ciclo de Teatro Familiar, con entrada libre hasta completar aforo. Martes, 21 de febrero, a las 18 horas. El Circo de la Tortuga, de C\u00eda. La Tortuga Veloz (Madrid) Mi\u00e9rcoles, 22 de febrero, a las [&hellip;]<\/p>\n","protected":false},"author":2,"featured_media":2381,"comment_status":"closed","ping_status":"closed","sticky":false,"template":"","format":"standard","meta":{"footnotes":""},"categories":[671,2],"tags":[211,39,212],"_links":{"self":[{"href":"https:\/\/espaciolaplaza.es\/index.php\/wp-json\/wp\/v2\/posts\/2380"}],"collection":[{"href":"https:\/\/espaciolaplaza.es\/index.php\/wp-json\/wp\/v2\/posts"}],"about":[{"href":"https:\/\/espaciolaplaza.es\/index.php\/wp-json\/wp\/v2\/types\/post"}],"author":[{"embeddable":true,"href":"https:\/\/espaciolaplaza.es\/index.php\/wp-json\/wp\/v2\/users\/2"}],"replies":[{"embeddable":true,"href":"https:\/\/espaciolaplaza.es\/index.php\/wp-json\/wp\/v2\/comments?post=2380"}],"version-history":[{"count":1,"href":"https:\/\/espaciolaplaza.es\/index.php\/wp-json\/wp\/v2\/posts\/2380\/revisions"}],"predecessor-version":[{"id":2382,"href":"https:\/\/espaciolaplaza.es\/index.php\/wp-json\/wp\/v2\/posts\/2380\/revisions\/2382"}],"wp:featuredmedia":[{"embeddable":true,"href":"https:\/\/espaciolaplaza.es\/index.php\/wp-json\/wp\/v2\/media\/2381"}],"wp:attachment":[{"href":"https:\/\/espaciolaplaza.es\/index.php\/wp-json\/wp\/v2\/media?parent=2380"}],"wp:term":[{"taxonomy":"category","embeddable":true,"href":"https:\/\/espaciolaplaza.es\/index.php\/wp-json\/wp\/v2\/categories?post=2380"},{"taxonomy":"post_tag","embeddable":true,"href":"https:\/\/espaciolaplaza.es\/index.php\/wp-json\/wp\/v2\/tags?post=2380"}],"curies":[{"name":"wp","href":"https:\/\/api.w.org\/{rel}","templated":true}]}}