{"id":2400,"date":"2023-02-17T09:03:28","date_gmt":"2023-02-17T08:03:28","guid":{"rendered":"http:\/\/espaciolaplaza.es\/?p=2400"},"modified":"2023-02-17T09:03:28","modified_gmt":"2023-02-17T08:03:28","slug":"los-vecinos-cantan-las-marzas-en-los-corrales-de-buelna","status":"publish","type":"post","link":"https:\/\/espaciolaplaza.es\/index.php\/2023\/02\/17\/los-vecinos-cantan-las-marzas-en-los-corrales-de-buelna\/","title":{"rendered":"Los vecinos cantan las Marzas en Los Corrales de Buelna"},"content":{"rendered":"<p>Un a\u00f1o m\u00e1s, llegan las tradicionales Marzas al municipio de Los Corrales de Buelna.<\/p>\n<p>Adem\u00e1s, la Escuela de Folclore de Los Corrales de Buelna te invita a participar en los ensayos que se desarrollar\u00e1n los d\u00edas 18 y 25 de febrero en el local municipal, ubicado junto al Peter.<\/p>\n<p><img decoding=\"async\" loading=\"lazy\" class=\"alignnone size-medium wp-image-2402\" src=\"http:\/\/espaciolaplaza.es\/wp-content\/uploads\/2023\/02\/taller-marzas-212x300.jpg\" alt=\"\" width=\"212\" height=\"300\" srcset=\"https:\/\/espaciolaplaza.es\/wp-content\/uploads\/2023\/02\/taller-marzas-212x300.jpg 212w, https:\/\/espaciolaplaza.es\/wp-content\/uploads\/2023\/02\/taller-marzas-724x1024.jpg 724w, https:\/\/espaciolaplaza.es\/wp-content\/uploads\/2023\/02\/taller-marzas-768x1086.jpg 768w, https:\/\/espaciolaplaza.es\/wp-content\/uploads\/2023\/02\/taller-marzas-1086x1536.jpg 1086w, https:\/\/espaciolaplaza.es\/wp-content\/uploads\/2023\/02\/taller-marzas.jpg 1131w\" sizes=\"(max-width: 212px) 100vw, 212px\" \/><\/p>\n","protected":false},"excerpt":{"rendered":"<p>Un a\u00f1o m\u00e1s, llegan las tradicionales Marzas al municipio de Los Corrales de Buelna. Adem\u00e1s, la Escuela de Folclore de Los Corrales de Buelna te invita a participar en los ensayos que se desarrollar\u00e1n los d\u00edas 18 y 25 de febrero en el local municipal, ubicado junto al Peter.<\/p>\n","protected":false},"author":2,"featured_media":2401,"comment_status":"open","ping_status":"open","sticky":false,"template":"","format":"standard","meta":{"footnotes":""},"categories":[2],"tags":[17,216,155,217],"_links":{"self":[{"href":"https:\/\/espaciolaplaza.es\/index.php\/wp-json\/wp\/v2\/posts\/2400"}],"collection":[{"href":"https:\/\/espaciolaplaza.es\/index.php\/wp-json\/wp\/v2\/posts"}],"about":[{"href":"https:\/\/espaciolaplaza.es\/index.php\/wp-json\/wp\/v2\/types\/post"}],"author":[{"embeddable":true,"href":"https:\/\/espaciolaplaza.es\/index.php\/wp-json\/wp\/v2\/users\/2"}],"replies":[{"embeddable":true,"href":"https:\/\/espaciolaplaza.es\/index.php\/wp-json\/wp\/v2\/comments?post=2400"}],"version-history":[{"count":1,"href":"https:\/\/espaciolaplaza.es\/index.php\/wp-json\/wp\/v2\/posts\/2400\/revisions"}],"predecessor-version":[{"id":2403,"href":"https:\/\/espaciolaplaza.es\/index.php\/wp-json\/wp\/v2\/posts\/2400\/revisions\/2403"}],"wp:featuredmedia":[{"embeddable":true,"href":"https:\/\/espaciolaplaza.es\/index.php\/wp-json\/wp\/v2\/media\/2401"}],"wp:attachment":[{"href":"https:\/\/espaciolaplaza.es\/index.php\/wp-json\/wp\/v2\/media?parent=2400"}],"wp:term":[{"taxonomy":"category","embeddable":true,"href":"https:\/\/espaciolaplaza.es\/index.php\/wp-json\/wp\/v2\/categories?post=2400"},{"taxonomy":"post_tag","embeddable":true,"href":"https:\/\/espaciolaplaza.es\/index.php\/wp-json\/wp\/v2\/tags?post=2400"}],"curies":[{"name":"wp","href":"https:\/\/api.w.org\/{rel}","templated":true}]}}