{"id":2859,"date":"2023-09-21T09:19:37","date_gmt":"2023-09-21T08:19:37","guid":{"rendered":"http:\/\/espaciolaplaza.es\/?p=2859"},"modified":"2024-09-10T09:33:36","modified_gmt":"2024-09-10T08:33:36","slug":"fin-de-semana-de-pelicula-con-verano-en-rojo","status":"publish","type":"post","link":"https:\/\/espaciolaplaza.es\/index.php\/2023\/09\/21\/fin-de-semana-de-pelicula-con-verano-en-rojo\/","title":{"rendered":"Fin de semana de pel\u00edcula con \u00abVerano en rojo\u00bb"},"content":{"rendered":"<p>No te pierdas este <strong>fin de semana<\/strong>\u00a0la proyecci\u00f3n de la pel\u00edcula <strong>\u00abVerano en rojo<\/strong>\u00bb de la mano de <strong>Arko Promociones Culturale<\/strong>s en el <strong>Teatro Municipal de Los Corrales de Buelna<\/strong>.<\/p>\n<ul>\n<li><strong>Sinopsis:<\/strong> <em>Verano de 2010. La comisaria Mar\u00eda Ruiz (Marta Nieto) se enfrenta a un tenebroso crimen: un joven ha aparecido asesinado. Sin identidad visible. Sin pistas aparentes. Sin m\u00f3vil. Mujer concienzuda y tenaz, Mar\u00eda iniciar\u00e1 una investigaci\u00f3n que se complicar\u00e1 a\u00fan m\u00e1s cuando se produce un segundo asesinato. Pero no est\u00e1 sola, el veterano periodista Luna (Jose Coronado), un maestro de la profesi\u00f3n acorralado por la crisis y la era digital, ser\u00e1 clave para solucionar un caso que les llevar\u00e1 hasta las puertas de una importante orden religiosa.<\/em><\/li>\n<\/ul>\n<p>&nbsp;<\/p>\n<p>La <strong>programaci\u00f3n<\/strong> es la siguiente:<\/p>\n<ul>\n<li><strong>S\u00e1bado 23<\/strong>: 17:30 h, 20:00 h y 22;00 h.<\/li>\n<li><strong>Domingo 24 y lunes 25<\/strong>: 17:30 h y 20:00 h.<\/li>\n<\/ul>\n<p>&nbsp;<\/p>\n<p>\u00a1Te esperamos!<\/p>\n","protected":false},"excerpt":{"rendered":"<p>No te pierdas este fin de semana\u00a0la proyecci\u00f3n de la pel\u00edcula \u00abVerano en rojo\u00bb de la mano de Arko Promociones Culturales en el Teatro Municipal de Los Corrales de Buelna. Sinopsis: Verano de 2010. La comisaria Mar\u00eda Ruiz (Marta Nieto) se enfrenta a un tenebroso crimen: un joven ha aparecido asesinado. Sin identidad visible. Sin [&hellip;]<\/p>\n","protected":false},"author":2,"featured_media":2856,"comment_status":"closed","ping_status":"closed","sticky":false,"template":"","format":"standard","meta":{"footnotes":""},"categories":[671,2],"tags":[128,38,110,345,102,17,344,134,290],"_links":{"self":[{"href":"https:\/\/espaciolaplaza.es\/index.php\/wp-json\/wp\/v2\/posts\/2859"}],"collection":[{"href":"https:\/\/espaciolaplaza.es\/index.php\/wp-json\/wp\/v2\/posts"}],"about":[{"href":"https:\/\/espaciolaplaza.es\/index.php\/wp-json\/wp\/v2\/types\/post"}],"author":[{"embeddable":true,"href":"https:\/\/espaciolaplaza.es\/index.php\/wp-json\/wp\/v2\/users\/2"}],"replies":[{"embeddable":true,"href":"https:\/\/espaciolaplaza.es\/index.php\/wp-json\/wp\/v2\/comments?post=2859"}],"version-history":[{"count":2,"href":"https:\/\/espaciolaplaza.es\/index.php\/wp-json\/wp\/v2\/posts\/2859\/revisions"}],"predecessor-version":[{"id":2861,"href":"https:\/\/espaciolaplaza.es\/index.php\/wp-json\/wp\/v2\/posts\/2859\/revisions\/2861"}],"wp:featuredmedia":[{"embeddable":true,"href":"https:\/\/espaciolaplaza.es\/index.php\/wp-json\/wp\/v2\/media\/2856"}],"wp:attachment":[{"href":"https:\/\/espaciolaplaza.es\/index.php\/wp-json\/wp\/v2\/media?parent=2859"}],"wp:term":[{"taxonomy":"category","embeddable":true,"href":"https:\/\/espaciolaplaza.es\/index.php\/wp-json\/wp\/v2\/categories?post=2859"},{"taxonomy":"post_tag","embeddable":true,"href":"https:\/\/espaciolaplaza.es\/index.php\/wp-json\/wp\/v2\/tags?post=2859"}],"curies":[{"name":"wp","href":"https:\/\/api.w.org\/{rel}","templated":true}]}}