{"id":2912,"date":"2023-10-02T09:21:29","date_gmt":"2023-10-02T08:21:29","guid":{"rendered":"http:\/\/espaciolaplaza.es\/?p=2912"},"modified":"2023-10-02T10:15:19","modified_gmt":"2023-10-02T09:15:19","slug":"actividades-de-octubre-en-la-biblioteca-municipal","status":"publish","type":"post","link":"https:\/\/espaciolaplaza.es\/index.php\/2023\/10\/02\/actividades-de-octubre-en-la-biblioteca-municipal\/","title":{"rendered":"Octubre de actividades en la Biblioteca Municipal"},"content":{"rendered":"<p>Llega octubre y con el una jornada cargada de actividades que podr\u00e1s disfrutar en la <strong>Biblioteca Municipal<\/strong> de Los Corrales de Buelna.<\/p>\n<p><strong>Mercadillo de libros usados\u00a0<\/strong>a un euro<\/p>\n<ul>\n<li><strong>Fecha:<\/strong> mi\u00e9rcoles 11<\/li>\n<li><strong>Horario:<\/strong> de 16,00 a 19,30 h.<\/li>\n<li><strong>Lugar:<\/strong> plaza de la Constituci\u00f3n<\/li>\n<\/ul>\n<p>&nbsp;<\/p>\n<p><strong>`Lo que cuentan los maestros\u00b4.\u00a0<\/strong>`En el parque natural de Cab\u00e1rceno\u00b4: Cuento y taller de papiroflexia. Con su autora Olivia San Mart\u00edn. Desde los 5 a\u00f1os, plazas limitadas.<\/p>\n<ul>\n<li><strong>Fecha:<\/strong> lunes 16<\/li>\n<li><strong>Hora:<\/strong> 18,00 h.<\/li>\n<li><strong>Lugar:<\/strong> Biblioteca Municipal<\/li>\n<\/ul>\n<p>&nbsp;<\/p>\n<p><strong>Encuentro de los clubes de lectura<\/strong>\u00a0con el escritor Haruki Murakami, premio Princesa de Asturias de las letras 2023.<\/p>\n<ul>\n<li><strong>Fecha:<\/strong> mi\u00e9rcoles 18<\/li>\n<li><strong>Lugar:<\/strong> Oviedo<\/li>\n<\/ul>\n<p>&nbsp;<\/p>\n<p><strong>`Casas y cuentos\u00b4<\/strong>. Cuentos de humor, aventuras y algo de suspense con Pep Bueno. Para todos los p\u00fablicos.<\/p>\n<ul>\n<li><strong>Fecha:<\/strong> viernes 20<\/li>\n<li><strong>Hora:<\/strong> 18,00 h.<\/li>\n<li><strong>Lugar:<\/strong> Biblioteca Municipal<\/li>\n<\/ul>\n<p>&nbsp;<\/p>\n<p><strong>`La Biblioteca te da la chapa\u00b4<\/strong>. Taller de chapas. Crea tu propia chapa para celebrar el d\u00eda de la Biblioteca.<\/p>\n<ul>\n<li><strong>Fecha:<\/strong> lunes 23<\/li>\n<li><strong>Hora:<\/strong> 18,00 h.<\/li>\n<li><strong>Lugar:<\/strong> Biblioteca Municipal<\/li>\n<\/ul>\n<p>&nbsp;<\/p>\n<p><strong>D\u00eda de la Biblioteca<\/strong>. Carn\u00e9s de socios gratis durante toda la jornada y cuentos para adultos con Alberto Sebasti\u00e1n.<\/p>\n<ul>\n<li><strong>Fecha:<\/strong> martes 24<\/li>\n<li><strong>Hora:<\/strong> 19,00 h.<\/li>\n<li><strong>Lugar:<\/strong> Biblioteca Municipal<\/li>\n<\/ul>\n<p>&nbsp;<\/p>\n<p><strong>`Calista la especialista\u00b4.<\/strong>\u00a0Espect\u00e1culo de cuentos y clown de Hilo Producciones. P\u00fablico desde los 3 a\u00f1os.<\/p>\n<ul>\n<li><strong>Fecha:<\/strong> mi\u00e9rcoles 25<\/li>\n<li><strong>Hora:<\/strong> 18,00 h.<\/li>\n<li><strong>Lugar:<\/strong> Biblioteca Municipal<\/li>\n<\/ul>\n<p>&nbsp;<\/p>\n<p><strong>Presentaci\u00f3n del libro `De la harina al acero. Jos\u00e9 Mar\u00eda Quijano y Las Forjas de Buelna (Cantabria1873-1914)\u00b4\u00a0<\/strong>con Sara del Hoyo Maza.<\/p>\n<ul>\n<li><strong>Fecha:<\/strong> viernes 27<\/li>\n<li><strong>Hora:<\/strong> 20,00 h.<\/li>\n<li><strong>Lugar:<\/strong> Biblioteca Municipal<\/li>\n<\/ul>\n<p>&nbsp;<\/p>\n<p><strong>Durante todo el mes<\/strong><\/p>\n<ul>\n<li>`Exposici\u00f3n Mar\u00eda Moliner, la cuidadora de palabras\u00b4<\/li>\n<li><strong>Jueves<\/strong>: visitas escolares<\/li>\n<li><strong>Viernes:<\/strong> clubes de lectura y taller de escritura creativa<\/li>\n<\/ul>\n<p>&nbsp;<\/p>\n<p>\u00a1No te lo pierdas!<\/p>\n","protected":false},"excerpt":{"rendered":"<p>Llega octubre y con el una jornada cargada de actividades que podr\u00e1s disfrutar en la Biblioteca Municipal de Los Corrales de Buelna. Mercadillo de libros usados\u00a0a un euro Fecha: mi\u00e9rcoles 11 Horario: de 16,00 a 19,30 h. Lugar: plaza de la Constituci\u00f3n &nbsp; `Lo que cuentan los maestros\u00b4.\u00a0`En el parque natural de Cab\u00e1rceno\u00b4: Cuento y [&hellip;]<\/p>\n","protected":false},"author":2,"featured_media":2913,"comment_status":"open","ping_status":"open","sticky":false,"template":"","format":"standard","meta":{"footnotes":""},"categories":[2],"tags":[324,210,31,102,376],"_links":{"self":[{"href":"https:\/\/espaciolaplaza.es\/index.php\/wp-json\/wp\/v2\/posts\/2912"}],"collection":[{"href":"https:\/\/espaciolaplaza.es\/index.php\/wp-json\/wp\/v2\/posts"}],"about":[{"href":"https:\/\/espaciolaplaza.es\/index.php\/wp-json\/wp\/v2\/types\/post"}],"author":[{"embeddable":true,"href":"https:\/\/espaciolaplaza.es\/index.php\/wp-json\/wp\/v2\/users\/2"}],"replies":[{"embeddable":true,"href":"https:\/\/espaciolaplaza.es\/index.php\/wp-json\/wp\/v2\/comments?post=2912"}],"version-history":[{"count":3,"href":"https:\/\/espaciolaplaza.es\/index.php\/wp-json\/wp\/v2\/posts\/2912\/revisions"}],"predecessor-version":[{"id":2929,"href":"https:\/\/espaciolaplaza.es\/index.php\/wp-json\/wp\/v2\/posts\/2912\/revisions\/2929"}],"wp:featuredmedia":[{"embeddable":true,"href":"https:\/\/espaciolaplaza.es\/index.php\/wp-json\/wp\/v2\/media\/2913"}],"wp:attachment":[{"href":"https:\/\/espaciolaplaza.es\/index.php\/wp-json\/wp\/v2\/media?parent=2912"}],"wp:term":[{"taxonomy":"category","embeddable":true,"href":"https:\/\/espaciolaplaza.es\/index.php\/wp-json\/wp\/v2\/categories?post=2912"},{"taxonomy":"post_tag","embeddable":true,"href":"https:\/\/espaciolaplaza.es\/index.php\/wp-json\/wp\/v2\/tags?post=2912"}],"curies":[{"name":"wp","href":"https:\/\/api.w.org\/{rel}","templated":true}]}}