{"id":2972,"date":"2023-10-17T09:20:18","date_gmt":"2023-10-17T08:20:18","guid":{"rendered":"https:\/\/espaciolaplaza.es\/?p=2972"},"modified":"2023-10-17T09:20:44","modified_gmt":"2023-10-17T08:20:44","slug":"pep-bruno-nos-cuenta-un-cuento","status":"publish","type":"post","link":"https:\/\/espaciolaplaza.es\/index.php\/2023\/10\/17\/pep-bruno-nos-cuenta-un-cuento\/","title":{"rendered":"Pep Bruno nos cuenta un cuento"},"content":{"rendered":"<p>No te pierdas este viernes <strong>20 de octubre<\/strong> la actividad <strong>\u00abCasas y cuentos\u00bb<\/strong> que tendr\u00e1 lugar en la <strong>Biblioteca Municipa<\/strong>l de <strong>Los Corrales de Buelna<\/strong>. La jornada tendr\u00e1 como protagonista a <strong>Pep Bruno<\/strong>, cuentacuentos y escritor, que le pondr\u00e1 voz a todas las historias de <strong>humor, aventura y suspense<\/strong> que ser\u00e1n contadas . La actividad dar\u00e1 comienzo a las <strong>18:00 h<\/strong> y podr\u00e1n asistir a ella p\u00fablico a partir de los <strong>5 a\u00f1os<\/strong>.<\/p>\n<p>&nbsp;<\/p>\n<p>\u00a1Te esperamos!<\/p>\n","protected":false},"excerpt":{"rendered":"<p>No te pierdas este viernes 20 de octubre la actividad \u00abCasas y cuentos\u00bb que tendr\u00e1 lugar en la Biblioteca Municipal de Los Corrales de Buelna. La jornada tendr\u00e1 como protagonista a Pep Bruno, cuentacuentos y escritor, que le pondr\u00e1 voz a todas las historias de humor, aventura y suspense que ser\u00e1n contadas . La actividad [&hellip;]<\/p>\n","protected":false},"author":2,"featured_media":2971,"comment_status":"open","ping_status":"open","sticky":false,"template":"","format":"standard","meta":{"footnotes":""},"categories":[2],"tags":[406,30,210,58,31,339,360,17,23,405],"_links":{"self":[{"href":"https:\/\/espaciolaplaza.es\/index.php\/wp-json\/wp\/v2\/posts\/2972"}],"collection":[{"href":"https:\/\/espaciolaplaza.es\/index.php\/wp-json\/wp\/v2\/posts"}],"about":[{"href":"https:\/\/espaciolaplaza.es\/index.php\/wp-json\/wp\/v2\/types\/post"}],"author":[{"embeddable":true,"href":"https:\/\/espaciolaplaza.es\/index.php\/wp-json\/wp\/v2\/users\/2"}],"replies":[{"embeddable":true,"href":"https:\/\/espaciolaplaza.es\/index.php\/wp-json\/wp\/v2\/comments?post=2972"}],"version-history":[{"count":2,"href":"https:\/\/espaciolaplaza.es\/index.php\/wp-json\/wp\/v2\/posts\/2972\/revisions"}],"predecessor-version":[{"id":2974,"href":"https:\/\/espaciolaplaza.es\/index.php\/wp-json\/wp\/v2\/posts\/2972\/revisions\/2974"}],"wp:featuredmedia":[{"embeddable":true,"href":"https:\/\/espaciolaplaza.es\/index.php\/wp-json\/wp\/v2\/media\/2971"}],"wp:attachment":[{"href":"https:\/\/espaciolaplaza.es\/index.php\/wp-json\/wp\/v2\/media?parent=2972"}],"wp:term":[{"taxonomy":"category","embeddable":true,"href":"https:\/\/espaciolaplaza.es\/index.php\/wp-json\/wp\/v2\/categories?post=2972"},{"taxonomy":"post_tag","embeddable":true,"href":"https:\/\/espaciolaplaza.es\/index.php\/wp-json\/wp\/v2\/tags?post=2972"}],"curies":[{"name":"wp","href":"https:\/\/api.w.org\/{rel}","templated":true}]}}