{"id":3047,"date":"2023-11-10T10:10:37","date_gmt":"2023-11-10T09:10:37","guid":{"rendered":"http:\/\/espaciolaplaza.es\/?p=3047"},"modified":"2023-11-10T10:10:57","modified_gmt":"2023-11-10T09:10:57","slug":"otono-sabatico-2023","status":"publish","type":"post","link":"https:\/\/espaciolaplaza.es\/index.php\/2023\/11\/10\/otono-sabatico-2023\/","title":{"rendered":"Oto\u00f1o Sab\u00e1tico 2023"},"content":{"rendered":"<p>Ven a disfrutar del Programa Ocio Alternativo<strong> \u00abSab\u00e1tico\u00bb<\/strong>, una iniciativa creada para fomentar el ocio entre las personas <strong>mayores de 12 a\u00f1os<\/strong>. Un programa impulsado por el <strong>\u00c1rea de Juventud del Ayuntamiento de Los Corrales de Buelna<\/strong> y la <strong>Oficina de Informaci\u00f3n Juvenil<\/strong>.<\/p>\n<p>La actividad tendr\u00e1 lugar <strong>todos los s\u00e1bados<\/strong> hasta el 30 de diciembre, desde las <strong>18:00<\/strong> hasta las <strong>22:00 h<\/strong>, en las instalaciones del <strong>CEIP Jos\u00e9 Mar\u00eda de Pereda<\/strong>. Se ofrecer\u00e1n todo tipo de diversiones: talleres, manualidades, animaciones deportivas, juegos de mesa y m\u00e1s.<\/p>\n<p>\u00a1Te esperamos!<\/p>\n","protected":false},"excerpt":{"rendered":"<p>Ven a disfrutar del Programa Ocio Alternativo \u00abSab\u00e1tico\u00bb, una iniciativa creada para fomentar el ocio entre las personas mayores de 12 a\u00f1os. Un programa impulsado por el \u00c1rea de Juventud del Ayuntamiento de Los Corrales de Buelna y la Oficina de Informaci\u00f3n Juvenil. La actividad tendr\u00e1 lugar todos los s\u00e1bados hasta el 30 de diciembre, [&hellip;]<\/p>\n","protected":false},"author":2,"featured_media":3048,"comment_status":"open","ping_status":"open","sticky":false,"template":"","format":"standard","meta":{"footnotes":""},"categories":[2],"tags":[193,164,441,83,24,17,113,442],"_links":{"self":[{"href":"https:\/\/espaciolaplaza.es\/index.php\/wp-json\/wp\/v2\/posts\/3047"}],"collection":[{"href":"https:\/\/espaciolaplaza.es\/index.php\/wp-json\/wp\/v2\/posts"}],"about":[{"href":"https:\/\/espaciolaplaza.es\/index.php\/wp-json\/wp\/v2\/types\/post"}],"author":[{"embeddable":true,"href":"https:\/\/espaciolaplaza.es\/index.php\/wp-json\/wp\/v2\/users\/2"}],"replies":[{"embeddable":true,"href":"https:\/\/espaciolaplaza.es\/index.php\/wp-json\/wp\/v2\/comments?post=3047"}],"version-history":[{"count":3,"href":"https:\/\/espaciolaplaza.es\/index.php\/wp-json\/wp\/v2\/posts\/3047\/revisions"}],"predecessor-version":[{"id":3051,"href":"https:\/\/espaciolaplaza.es\/index.php\/wp-json\/wp\/v2\/posts\/3047\/revisions\/3051"}],"wp:featuredmedia":[{"embeddable":true,"href":"https:\/\/espaciolaplaza.es\/index.php\/wp-json\/wp\/v2\/media\/3048"}],"wp:attachment":[{"href":"https:\/\/espaciolaplaza.es\/index.php\/wp-json\/wp\/v2\/media?parent=3047"}],"wp:term":[{"taxonomy":"category","embeddable":true,"href":"https:\/\/espaciolaplaza.es\/index.php\/wp-json\/wp\/v2\/categories?post=3047"},{"taxonomy":"post_tag","embeddable":true,"href":"https:\/\/espaciolaplaza.es\/index.php\/wp-json\/wp\/v2\/tags?post=3047"}],"curies":[{"name":"wp","href":"https:\/\/api.w.org\/{rel}","templated":true}]}}