{"id":3054,"date":"2023-11-17T10:10:28","date_gmt":"2023-11-17T09:10:28","guid":{"rendered":"http:\/\/espaciolaplaza.es\/?p=3054"},"modified":"2023-11-17T10:28:41","modified_gmt":"2023-11-17T09:28:41","slug":"ya-esta-aqui-santa-cecilia-2023","status":"publish","type":"post","link":"https:\/\/espaciolaplaza.es\/index.php\/2023\/11\/17\/ya-esta-aqui-santa-cecilia-2023\/","title":{"rendered":"Ya est\u00e1 aqu\u00ed &#8216;Santa Cecilia 2023&#8217;"},"content":{"rendered":"<p><strong>&#8216;Santa Cecilia 2023&#8217;<\/strong> llega a <strong>Los Corrales de Buelna<\/strong> este fin de semana para celebrar la fiesta de la <strong>patrona de la m\u00fasica <\/strong>con una gran variedad de actividades relacionadas con el \u00e1mbito musical.<\/p>\n<p>La programaci\u00f3n es la siguiente:<\/p>\n<p><strong>-S\u00e1bado 18 de noviembre a las 19:00 (Iglesia parroquial de San Vicente M\u00e1rtir)<\/strong><\/p>\n<p>La Coral de Los Corrales de Buelna.<\/p>\n<p><strong>-S\u00e1bado 25 de noviembre a las 18:30 (Espacio &#8216;La Plaza&#8217;)<\/strong><\/p>\n<p>Orquesta de plectro Los Corrales de Buelna.<\/p>\n<p>Escuela de folclore de Los Corrales de Buelna.<\/p>\n<p>Banda de gaitas &#8216;Gedio&#8217;.<\/p>\n<p><strong>-Domingo 26 de noviembre a las 18:30 (Espacio &#8216;La Plaza&#8217;)<\/strong><\/p>\n<p>Agrupaci\u00f3n de Pulso y P\u00faa Fresneda.<\/p>\n<p>Grupo de danzas entremonta\u00f1as &#8216;Virgen de la Cuesta&#8217;.<\/p>\n<p>&#8216;Gaitas La Jhila&#8217;.<\/p>\n<p>&nbsp;<\/p>\n<p><strong>Siente las huellas, siente la m\u00fasica<\/strong><\/p>\n<p>&nbsp;<\/p>\n<p>\u00a1Te esperamos!<\/p>\n<p>&nbsp;<\/p>\n<p>&nbsp;<\/p>\n","protected":false},"excerpt":{"rendered":"<p>&#8216;Santa Cecilia 2023&#8217; llega a Los Corrales de Buelna este fin de semana para celebrar la fiesta de la patrona de la m\u00fasica con una gran variedad de actividades relacionadas con el \u00e1mbito musical. La programaci\u00f3n es la siguiente: -S\u00e1bado 18 de noviembre a las 19:00 (Iglesia parroquial de San Vicente M\u00e1rtir) La Coral de [&hellip;]<\/p>\n","protected":false},"author":2,"featured_media":3055,"comment_status":"open","ping_status":"open","sticky":false,"template":"","format":"standard","meta":{"footnotes":""},"categories":[2],"tags":[164,449,83,13,263,17,77,448,182],"_links":{"self":[{"href":"https:\/\/espaciolaplaza.es\/index.php\/wp-json\/wp\/v2\/posts\/3054"}],"collection":[{"href":"https:\/\/espaciolaplaza.es\/index.php\/wp-json\/wp\/v2\/posts"}],"about":[{"href":"https:\/\/espaciolaplaza.es\/index.php\/wp-json\/wp\/v2\/types\/post"}],"author":[{"embeddable":true,"href":"https:\/\/espaciolaplaza.es\/index.php\/wp-json\/wp\/v2\/users\/2"}],"replies":[{"embeddable":true,"href":"https:\/\/espaciolaplaza.es\/index.php\/wp-json\/wp\/v2\/comments?post=3054"}],"version-history":[{"count":6,"href":"https:\/\/espaciolaplaza.es\/index.php\/wp-json\/wp\/v2\/posts\/3054\/revisions"}],"predecessor-version":[{"id":3064,"href":"https:\/\/espaciolaplaza.es\/index.php\/wp-json\/wp\/v2\/posts\/3054\/revisions\/3064"}],"wp:featuredmedia":[{"embeddable":true,"href":"https:\/\/espaciolaplaza.es\/index.php\/wp-json\/wp\/v2\/media\/3055"}],"wp:attachment":[{"href":"https:\/\/espaciolaplaza.es\/index.php\/wp-json\/wp\/v2\/media?parent=3054"}],"wp:term":[{"taxonomy":"category","embeddable":true,"href":"https:\/\/espaciolaplaza.es\/index.php\/wp-json\/wp\/v2\/categories?post=3054"},{"taxonomy":"post_tag","embeddable":true,"href":"https:\/\/espaciolaplaza.es\/index.php\/wp-json\/wp\/v2\/tags?post=3054"}],"curies":[{"name":"wp","href":"https:\/\/api.w.org\/{rel}","templated":true}]}}