{"id":3119,"date":"2023-12-11T11:48:55","date_gmt":"2023-12-11T10:48:55","guid":{"rendered":"https:\/\/espaciolaplaza.es\/?p=3119"},"modified":"2023-12-11T11:56:02","modified_gmt":"2023-12-11T10:56:02","slug":"celebracion-de-la-xiii-gala-de-navidad","status":"publish","type":"post","link":"https:\/\/espaciolaplaza.es\/index.php\/2023\/12\/11\/celebracion-de-la-xiii-gala-de-navidad\/","title":{"rendered":"Celebraci\u00f3n de la XIII Gala de Navidad"},"content":{"rendered":"<p>No te pierdas este <strong>domingo 17 de diciembre<\/strong> la celebraci\u00f3n de la <strong>XIII Gala de Navidad<\/strong>.<\/p>\n<p>Contaremos con las siguientes actuaciones:<\/p>\n<ul>\n<li><strong>Primer grupo de 6 a 10 a\u00f1os<\/strong><br \/>\nT\u00edtulo: \u00bfQu\u00e9 es la felicidad?<br \/>\nUn grupo de youtubers famosos quedan en un evento navide\u00f1o y descubren que la felicidad no es tener muchos seguidores, ni fama, ni dinero, si no tener con quien pasar la Navidad.<br \/>\nDuraci\u00f3n: 15 min<br \/>\nActores: Luca, Jaime, Diego, Fernando, Fran, Carlota, Mandi, Abraham, Axel, Emilio y Manuela<\/li>\n<li><strong>Segundo grupo de 9 a 13 a\u00f1os<\/strong><br \/>\nT\u00edtulo: Atrapados en el aeropuerto.<br \/>\nA causa de una tormenta un grupo de desconocidos est\u00e1n atrapados en un aeropuerto el d\u00eda antes de Navidad. Mientras esperan ocurre un misterioso intento de asesinato del que no se sabr\u00e1 la autor\u00eda hasta el momento final.<br \/>\nDuraci\u00f3n: 15 min<br \/>\nActores: Luc\u00eda, Claudia, Marina, Daniela, Susana y Cristian<\/li>\n<li><strong>Tercer grupo de 11 a 14<\/strong><br \/>\nT\u00edtulo: Sketchs navide\u00f1os sorpresa.<br \/>\nActores: In\u00e9s, Vera, Julia, In\u00e9s Cantero, David, Iv\u00e1n y Samuel<\/li>\n<li><strong>Contaremos con la presencia de los PAYASOS EN PEPITORI<\/strong><\/li>\n<\/ul>\n<p>&nbsp;<\/p>\n<p>La gala comenzar\u00e1 a las <strong>12:00<\/strong> y tendr\u00e1 lugar en el <strong>Teatro Municipal de Los Corrales de Buelna<\/strong>.<\/p>\n<p>Evento organizado por la <strong>Escuela de Teatro<\/strong> <strong>&#8216;El Tejo Producciones&#8217;<\/strong> y donde colaboran la <strong>Asociaci\u00f3n de Comerciantes<\/strong>, el <strong>Ayuntamiento de los Corrales de Buelna<\/strong> y <strong>Radio Valle de Buelna<\/strong>.<\/p>\n<p>Las invitaciones podr\u00e1n cogerse en la taquilla del teatro.<\/p>\n<p>&nbsp;<\/p>\n<p>\u00a1Te esperamos!<\/p>\n","protected":false},"excerpt":{"rendered":"<p>No te pierdas este domingo 17 de diciembre la celebraci\u00f3n de la XIII Gala de Navidad. Contaremos con las siguientes actuaciones: Primer grupo de 6 a 10 a\u00f1os T\u00edtulo: \u00bfQu\u00e9 es la felicidad? Un grupo de youtubers famosos quedan en un evento navide\u00f1o y descubren que la felicidad no es tener muchos seguidores, ni fama, [&hellip;]<\/p>\n","protected":false},"author":2,"featured_media":3120,"comment_status":"open","ping_status":"open","sticky":false,"template":"","format":"standard","meta":{"footnotes":""},"categories":[2],"tags":[422,164,210,468,467,466,331,17,194,23,39,134,40],"_links":{"self":[{"href":"https:\/\/espaciolaplaza.es\/index.php\/wp-json\/wp\/v2\/posts\/3119"}],"collection":[{"href":"https:\/\/espaciolaplaza.es\/index.php\/wp-json\/wp\/v2\/posts"}],"about":[{"href":"https:\/\/espaciolaplaza.es\/index.php\/wp-json\/wp\/v2\/types\/post"}],"author":[{"embeddable":true,"href":"https:\/\/espaciolaplaza.es\/index.php\/wp-json\/wp\/v2\/users\/2"}],"replies":[{"embeddable":true,"href":"https:\/\/espaciolaplaza.es\/index.php\/wp-json\/wp\/v2\/comments?post=3119"}],"version-history":[{"count":5,"href":"https:\/\/espaciolaplaza.es\/index.php\/wp-json\/wp\/v2\/posts\/3119\/revisions"}],"predecessor-version":[{"id":3126,"href":"https:\/\/espaciolaplaza.es\/index.php\/wp-json\/wp\/v2\/posts\/3119\/revisions\/3126"}],"wp:featuredmedia":[{"embeddable":true,"href":"https:\/\/espaciolaplaza.es\/index.php\/wp-json\/wp\/v2\/media\/3120"}],"wp:attachment":[{"href":"https:\/\/espaciolaplaza.es\/index.php\/wp-json\/wp\/v2\/media?parent=3119"}],"wp:term":[{"taxonomy":"category","embeddable":true,"href":"https:\/\/espaciolaplaza.es\/index.php\/wp-json\/wp\/v2\/categories?post=3119"},{"taxonomy":"post_tag","embeddable":true,"href":"https:\/\/espaciolaplaza.es\/index.php\/wp-json\/wp\/v2\/tags?post=3119"}],"curies":[{"name":"wp","href":"https:\/\/api.w.org\/{rel}","templated":true}]}}