{"id":3310,"date":"2024-03-14T10:08:32","date_gmt":"2024-03-14T09:08:32","guid":{"rendered":"https:\/\/espaciolaplaza.es\/?p=3310"},"modified":"2024-03-14T10:16:11","modified_gmt":"2024-03-14T09:16:11","slug":"recital-de-poesia-y-taller-en-la-biblioteca-municipal-de-los-corrales-de-buelna","status":"publish","type":"post","link":"https:\/\/espaciolaplaza.es\/index.php\/2024\/03\/14\/recital-de-poesia-y-taller-en-la-biblioteca-municipal-de-los-corrales-de-buelna\/","title":{"rendered":"Recital de poes\u00eda y taller en la Biblioteca Municipal de Los Corrales de Buelna"},"content":{"rendered":"<p>Con motivo de la celebraci\u00f3n del <strong>D\u00eda de la Poes\u00eda<\/strong> el pr\u00f3ximo jueves\u00a0 el 21 de marzo la Biblioteca Municipal de Los Corrales de Buelna se adelanta un d\u00eda y organiza un recital de poes\u00eda y taller en torno al libro <strong>`\u00bfDe qui\u00e9n es este rabo?\u00b4<\/strong>.<\/p>\n<p>Se trata de un libro muy especial para primeros lectores. Consigue aunar juego, humor, poes\u00eda y originalidad tanto en las im\u00e1genes como en el texto, muy cercano a la inspiraci\u00f3n de la mejor Gloria Fuertes.<\/p>\n<p>El encuentro tendr\u00e1 lugar el <strong>mi\u00e9rcoles 20 de marzo a las 18:00 h. en la Biblioteca Municipal<\/strong>.<\/p>\n<p>&nbsp;<\/p>\n<p>\u00a1Te esperamos!<\/p>\n","protected":false},"excerpt":{"rendered":"<p>Con motivo de la celebraci\u00f3n del D\u00eda de la Poes\u00eda el pr\u00f3ximo jueves\u00a0 el 21 de marzo la Biblioteca Municipal de Los Corrales de Buelna se adelanta un d\u00eda y organiza un recital de poes\u00eda y taller en torno al libro `\u00bfDe qui\u00e9n es este rabo?\u00b4. Se trata de un libro muy especial para primeros [&hellip;]<\/p>\n","protected":false},"author":2,"featured_media":3311,"comment_status":"open","ping_status":"open","sticky":false,"template":"","format":"standard","meta":{"footnotes":""},"categories":[2],"tags":[164,210,208,17,23,228,167,40],"_links":{"self":[{"href":"https:\/\/espaciolaplaza.es\/index.php\/wp-json\/wp\/v2\/posts\/3310"}],"collection":[{"href":"https:\/\/espaciolaplaza.es\/index.php\/wp-json\/wp\/v2\/posts"}],"about":[{"href":"https:\/\/espaciolaplaza.es\/index.php\/wp-json\/wp\/v2\/types\/post"}],"author":[{"embeddable":true,"href":"https:\/\/espaciolaplaza.es\/index.php\/wp-json\/wp\/v2\/users\/2"}],"replies":[{"embeddable":true,"href":"https:\/\/espaciolaplaza.es\/index.php\/wp-json\/wp\/v2\/comments?post=3310"}],"version-history":[{"count":4,"href":"https:\/\/espaciolaplaza.es\/index.php\/wp-json\/wp\/v2\/posts\/3310\/revisions"}],"predecessor-version":[{"id":3321,"href":"https:\/\/espaciolaplaza.es\/index.php\/wp-json\/wp\/v2\/posts\/3310\/revisions\/3321"}],"wp:featuredmedia":[{"embeddable":true,"href":"https:\/\/espaciolaplaza.es\/index.php\/wp-json\/wp\/v2\/media\/3311"}],"wp:attachment":[{"href":"https:\/\/espaciolaplaza.es\/index.php\/wp-json\/wp\/v2\/media?parent=3310"}],"wp:term":[{"taxonomy":"category","embeddable":true,"href":"https:\/\/espaciolaplaza.es\/index.php\/wp-json\/wp\/v2\/categories?post=3310"},{"taxonomy":"post_tag","embeddable":true,"href":"https:\/\/espaciolaplaza.es\/index.php\/wp-json\/wp\/v2\/tags?post=3310"}],"curies":[{"name":"wp","href":"https:\/\/api.w.org\/{rel}","templated":true}]}}