{"id":3343,"date":"2024-03-20T10:38:30","date_gmt":"2024-03-20T09:38:30","guid":{"rendered":"https:\/\/espaciolaplaza.es\/?p=3343"},"modified":"2024-03-20T10:51:59","modified_gmt":"2024-03-20T09:51:59","slug":"xxxvii-jornadas-de-canto-coral","status":"publish","type":"post","link":"https:\/\/espaciolaplaza.es\/index.php\/2024\/03\/20\/xxxvii-jornadas-de-canto-coral\/","title":{"rendered":"XXXVII Jornadas de Canto Coral"},"content":{"rendered":"<p>Las <strong>XXXVII Jornadas de Canto Coral<\/strong> que organiza la Coral de Los Corrales se celebrar\u00e1n de acuerdo al siguiente programa:<\/p>\n<p><strong>-S\u00e1bado 23 de marzo<\/strong><\/p>\n<p>Concierto de &#8216;Coro Solvay Ensemble&#8217;, director Juan Jos\u00e9 del Valle Puente.<\/p>\n<ul>\n<li>Hora: 19:00 h.<\/li>\n<li>Lugar: Iglesia Parroquial de San Vicente M\u00e1rtir.<\/li>\n<\/ul>\n<p><strong>-Jueves 28 de marzo<\/strong>\u00a0(Jueves Santo)<\/p>\n<p>Concierto de la &#8216;Coral de Los Corrales&#8217;, directora Justi Echevarr\u00eda.<\/p>\n<ul>\n<li>Hora: 19:00 h.<\/li>\n<li>Lugar: Santuario de Nuestra Se\u00f1ora de Las Caldas de Besaya.<\/li>\n<\/ul>\n<p><strong>-Viernes 29 de marzo <\/strong>(Viernes Santo)<\/p>\n<p>Concierto de la &#8216;Sociedad Coral de Torrelavega&#8217;, director Manuel Egusquiza Ochoa.<\/p>\n<ul>\n<li>Hora: 18:00 h.<\/li>\n<li>Lugar: Santuario de Nuestra Se\u00f1ora de Las Caldas de Besaya.<\/li>\n<\/ul>\n<p><strong>-S\u00e1bado 30 de marzo<\/strong>\u00a0(S\u00e1bado Santo)<\/p>\n<p>Concierto de la &#8216;Coral Santa Mar\u00eda de Castro Urdiales&#8217;, directora Bego\u00f1a Goikoetxea Biguri.<\/p>\n<ul>\n<li>Hora: 19:00 h.<\/li>\n<li>Lugar: Santuario de Nuestra Se\u00f1ora de las Caldas de Besaya.<\/li>\n<\/ul>\n","protected":false},"excerpt":{"rendered":"<p>Las XXXVII Jornadas de Canto Coral que organiza la Coral de Los Corrales se celebrar\u00e1n de acuerdo al siguiente programa: -S\u00e1bado 23 de marzo Concierto de &#8216;Coro Solvay Ensemble&#8217;, director Juan Jos\u00e9 del Valle Puente. Hora: 19:00 h. Lugar: Iglesia Parroquial de San Vicente M\u00e1rtir. -Jueves 28 de marzo\u00a0(Jueves Santo) Concierto de la &#8216;Coral de [&hellip;]<\/p>\n","protected":false},"author":2,"featured_media":3344,"comment_status":"closed","ping_status":"closed","sticky":false,"template":"","format":"standard","meta":{"footnotes":""},"categories":[2],"tags":[164,58,557,68,558,83,17,548,40],"_links":{"self":[{"href":"https:\/\/espaciolaplaza.es\/index.php\/wp-json\/wp\/v2\/posts\/3343"}],"collection":[{"href":"https:\/\/espaciolaplaza.es\/index.php\/wp-json\/wp\/v2\/posts"}],"about":[{"href":"https:\/\/espaciolaplaza.es\/index.php\/wp-json\/wp\/v2\/types\/post"}],"author":[{"embeddable":true,"href":"https:\/\/espaciolaplaza.es\/index.php\/wp-json\/wp\/v2\/users\/2"}],"replies":[{"embeddable":true,"href":"https:\/\/espaciolaplaza.es\/index.php\/wp-json\/wp\/v2\/comments?post=3343"}],"version-history":[{"count":3,"href":"https:\/\/espaciolaplaza.es\/index.php\/wp-json\/wp\/v2\/posts\/3343\/revisions"}],"predecessor-version":[{"id":3349,"href":"https:\/\/espaciolaplaza.es\/index.php\/wp-json\/wp\/v2\/posts\/3343\/revisions\/3349"}],"wp:featuredmedia":[{"embeddable":true,"href":"https:\/\/espaciolaplaza.es\/index.php\/wp-json\/wp\/v2\/media\/3344"}],"wp:attachment":[{"href":"https:\/\/espaciolaplaza.es\/index.php\/wp-json\/wp\/v2\/media?parent=3343"}],"wp:term":[{"taxonomy":"category","embeddable":true,"href":"https:\/\/espaciolaplaza.es\/index.php\/wp-json\/wp\/v2\/categories?post=3343"},{"taxonomy":"post_tag","embeddable":true,"href":"https:\/\/espaciolaplaza.es\/index.php\/wp-json\/wp\/v2\/tags?post=3343"}],"curies":[{"name":"wp","href":"https:\/\/api.w.org\/{rel}","templated":true}]}}