{"id":3460,"date":"2024-05-06T09:01:46","date_gmt":"2024-05-06T08:01:46","guid":{"rendered":"https:\/\/espaciolaplaza.es\/?p=3460"},"modified":"2024-05-06T09:01:46","modified_gmt":"2024-05-06T08:01:46","slug":"hay-un-lobo-en-los-corrales-de-buelna-exposicion-sobre-el-lupus","status":"publish","type":"post","link":"https:\/\/espaciolaplaza.es\/index.php\/2024\/05\/06\/hay-un-lobo-en-los-corrales-de-buelna-exposicion-sobre-el-lupus\/","title":{"rendered":"&#8216;Hay un lobo en Los Corrales de Buelna&#8217;. Exposici\u00f3n sobre el lupus"},"content":{"rendered":"<p>El lupus es una enfermedad cr\u00f3nica en la que el sistema inmunitario del paciente ataca a diferentes \u00f3rganos y tejidos. Puede afectar a la piel, las articulaciones, los ri\u00f1ones, los pulmones, el sistema nervioso, etc. provocando da\u00f1o e inflamaci\u00f3n. La Asociaci\u00f3n de Enfermos de Lupus de Cantabria, ALDEC, organiza una exposici\u00f3n para dar a conocer esta enfermedad. La han titulado `Hay un lobo en Los Corrales de Buelna\u00b4.<\/p>\n<p>La exposici\u00f3n tendr\u00e1 lugar hasta el pr\u00f3ximo 11 de mayo en el horario de 17:00 a 21:00 h. en el Teatro Municipal de Los Corrales de Buelna.<\/p>\n<p>&nbsp;<\/p>\n<p>\u00a1Te esperamos!<\/p>\n","protected":false},"excerpt":{"rendered":"<p>El lupus es una enfermedad cr\u00f3nica en la que el sistema inmunitario del paciente ataca a diferentes \u00f3rganos y tejidos. Puede afectar a la piel, las articulaciones, los ri\u00f1ones, los pulmones, el sistema nervioso, etc. provocando da\u00f1o e inflamaci\u00f3n. La Asociaci\u00f3n de Enfermos de Lupus de Cantabria, ALDEC, organiza una exposici\u00f3n para dar a conocer [&hellip;]<\/p>\n","protected":false},"author":2,"featured_media":3461,"comment_status":"closed","ping_status":"closed","sticky":false,"template":"","format":"standard","meta":{"footnotes":""},"categories":[2],"tags":[128,164,210,614,102,613,83,133,17,612,40],"_links":{"self":[{"href":"https:\/\/espaciolaplaza.es\/index.php\/wp-json\/wp\/v2\/posts\/3460"}],"collection":[{"href":"https:\/\/espaciolaplaza.es\/index.php\/wp-json\/wp\/v2\/posts"}],"about":[{"href":"https:\/\/espaciolaplaza.es\/index.php\/wp-json\/wp\/v2\/types\/post"}],"author":[{"embeddable":true,"href":"https:\/\/espaciolaplaza.es\/index.php\/wp-json\/wp\/v2\/users\/2"}],"replies":[{"embeddable":true,"href":"https:\/\/espaciolaplaza.es\/index.php\/wp-json\/wp\/v2\/comments?post=3460"}],"version-history":[{"count":2,"href":"https:\/\/espaciolaplaza.es\/index.php\/wp-json\/wp\/v2\/posts\/3460\/revisions"}],"predecessor-version":[{"id":3463,"href":"https:\/\/espaciolaplaza.es\/index.php\/wp-json\/wp\/v2\/posts\/3460\/revisions\/3463"}],"wp:featuredmedia":[{"embeddable":true,"href":"https:\/\/espaciolaplaza.es\/index.php\/wp-json\/wp\/v2\/media\/3461"}],"wp:attachment":[{"href":"https:\/\/espaciolaplaza.es\/index.php\/wp-json\/wp\/v2\/media?parent=3460"}],"wp:term":[{"taxonomy":"category","embeddable":true,"href":"https:\/\/espaciolaplaza.es\/index.php\/wp-json\/wp\/v2\/categories?post=3460"},{"taxonomy":"post_tag","embeddable":true,"href":"https:\/\/espaciolaplaza.es\/index.php\/wp-json\/wp\/v2\/tags?post=3460"}],"curies":[{"name":"wp","href":"https:\/\/api.w.org\/{rel}","templated":true}]}}