{"id":3490,"date":"2024-05-13T10:59:56","date_gmt":"2024-05-13T09:59:56","guid":{"rendered":"https:\/\/espaciolaplaza.es\/?p=3490"},"modified":"2024-05-13T11:12:04","modified_gmt":"2024-05-13T10:12:04","slug":"llega-el-dia-internacional-de-los-museos","status":"publish","type":"post","link":"https:\/\/espaciolaplaza.es\/index.php\/2024\/05\/13\/llega-el-dia-internacional-de-los-museos\/","title":{"rendered":"Llega el D\u00eda Internacional de los Museos"},"content":{"rendered":"<p>No te pierdas este <strong>s\u00e1bado 18 de mayo<\/strong> la celebraci\u00f3n del <strong>D\u00eda Internacional de los Museos<\/strong>.<\/p>\n<p>Desde 2020, el D\u00eda Internacional de los Museos se centra cada a\u00f1o en alguno de los <strong>Objetivos de Desarrollo Sostenible de las Naciones Unidas<\/strong> para destacar el papel de los museos para conseguirlos. En este a\u00f1o 2024, apuesta por la importancia del aprendizaje cultural y educativo, a trav\u00e9s del lema <strong>\u201cMuseos por la educaci\u00f3n y la investigaci\u00f3n\u201d.<\/strong><\/p>\n<p>M.\u00aa. \u00c1ngeles Lombilla Jara Concejala de Educaci\u00f3n y Cultura, a trav\u00e9s de la Oficina de Turismo de Los Corrales de Buelna, les invita a que se acerquen y puedan conocer el <strong>Centro de Interpretaci\u00f3n de la Industria Jos\u00e9 Mar\u00eda Quijano<\/strong>, en una jornada de puertas abiertas.<\/p>\n<p>El evento tendr\u00e1 lugar el s\u00e1bado 18 de mayo de 11:30 h. a 13:30 h. y de 16:00h. a 18:30h en el Centro de Interpretaci\u00f3n de La industria Jos\u00e9 Mar\u00eda Quijano (C\/ Santiago Ramon y Cajal 8, 39400, Los Corrales de Buelna).<\/p>\n<p>Para m\u00e1s informaci\u00f3n ponte en contacto con la Oficina de Turismo de Los Corrales de Buelna:<br \/>\nPlaza de la Constituci\u00f3n, 2, 39400 Los Corrales de Buelna.<br \/>\nTel\u00e9fono: 678 235 508.<\/p>\n<p><strong>El evento es gratuito y abierto a todos los p\u00fablicos.<\/strong><\/p>\n<p>Siente las huellas, siente Los Corrales de Buelna.<\/p>\n","protected":false},"excerpt":{"rendered":"<p>No te pierdas este s\u00e1bado 18 de mayo la celebraci\u00f3n del D\u00eda Internacional de los Museos. Desde 2020, el D\u00eda Internacional de los Museos se centra cada a\u00f1o en alguno de los Objetivos de Desarrollo Sostenible de las Naciones Unidas para destacar el papel de los museos para conseguirlos. En este a\u00f1o 2024, apuesta por [&hellip;]<\/p>\n","protected":false},"author":2,"featured_media":3491,"comment_status":"closed","ping_status":"closed","sticky":false,"template":"","format":"standard","meta":{"footnotes":""},"categories":[2],"tags":[128,164,210,58,630,102,629,83,202,17,40],"_links":{"self":[{"href":"https:\/\/espaciolaplaza.es\/index.php\/wp-json\/wp\/v2\/posts\/3490"}],"collection":[{"href":"https:\/\/espaciolaplaza.es\/index.php\/wp-json\/wp\/v2\/posts"}],"about":[{"href":"https:\/\/espaciolaplaza.es\/index.php\/wp-json\/wp\/v2\/types\/post"}],"author":[{"embeddable":true,"href":"https:\/\/espaciolaplaza.es\/index.php\/wp-json\/wp\/v2\/users\/2"}],"replies":[{"embeddable":true,"href":"https:\/\/espaciolaplaza.es\/index.php\/wp-json\/wp\/v2\/comments?post=3490"}],"version-history":[{"count":5,"href":"https:\/\/espaciolaplaza.es\/index.php\/wp-json\/wp\/v2\/posts\/3490\/revisions"}],"predecessor-version":[{"id":3496,"href":"https:\/\/espaciolaplaza.es\/index.php\/wp-json\/wp\/v2\/posts\/3490\/revisions\/3496"}],"wp:featuredmedia":[{"embeddable":true,"href":"https:\/\/espaciolaplaza.es\/index.php\/wp-json\/wp\/v2\/media\/3491"}],"wp:attachment":[{"href":"https:\/\/espaciolaplaza.es\/index.php\/wp-json\/wp\/v2\/media?parent=3490"}],"wp:term":[{"taxonomy":"category","embeddable":true,"href":"https:\/\/espaciolaplaza.es\/index.php\/wp-json\/wp\/v2\/categories?post=3490"},{"taxonomy":"post_tag","embeddable":true,"href":"https:\/\/espaciolaplaza.es\/index.php\/wp-json\/wp\/v2\/tags?post=3490"}],"curies":[{"name":"wp","href":"https:\/\/api.w.org\/{rel}","templated":true}]}}