{"id":3516,"date":"2024-05-17T11:35:58","date_gmt":"2024-05-17T10:35:58","guid":{"rendered":"https:\/\/espaciolaplaza.es\/?p=3516"},"modified":"2024-05-17T11:35:58","modified_gmt":"2024-05-17T10:35:58","slug":"libera-tu-pueblo-de-basuraleza","status":"publish","type":"post","link":"https:\/\/espaciolaplaza.es\/index.php\/2024\/05\/17\/libera-tu-pueblo-de-basuraleza\/","title":{"rendered":"Libera tu pueblo de basuraleza"},"content":{"rendered":"<div class=\"xdj266r x11i5rnm xat24cr x1mh8g0r x1vvkbs\">\n<div dir=\"auto\">Llega el buen tiempo y cada vez hacemos mas vida al aire libre, el Ayuntamiento de Los Corrales de Buelna a trav\u00e9s de la concejal\u00eda de Educaci\u00f3n, Cultura, Turismo y Ciudadan\u00eda y la concejal\u00eda de Servicios y Medio Ambiente quiere concienciar de la importancia de cuidar nuestro entorno.<\/div>\n<div dir=\"auto\"><\/div>\n<div dir=\"auto\"><strong>\u00a1\u00danete a los liberadores!<\/strong><\/div>\n<div dir=\"auto\"><a class=\"x1i10hfl xjbqb8w x1ejq31n xd10rxx x1sy0etr x17r0tee x972fbf xcfux6l x1qhh985 xm0m39n x9f619 x1ypdohk xt0psk2 xe8uvvx xdj266r x11i5rnm xat24cr x1mh8g0r xexx8yu x4uap5 x18d9i69 xkhd6sd x16tdsg8 x1hl2dhg xggy1nq x1a2a7pz x1sur9pj xkrqix3 x1fey0fg\" tabindex=\"0\" role=\"link\" href=\"https:\/\/l.facebook.com\/l.php?u=http%3A%2F%2Fwww.proyectolibera.org%2F&amp;h=AT2sP9GaMvoFpyrb60C00soOcjhP5ZF0RnkIz1zYhkxP3oebb_O6_pKjSJkrmXA7jfEwLfxJBhzeMqLVlwYjWXYU_xgTdDlJE8k5zA4hVOjctogUDMSR6e_W9ezM9XzSJGhUM9hibtsWtM2fbnsB&amp;__tn__=-UK\" target=\"_blank\" rel=\"nofollow noopener noreferrer\">www.proyectolibera.org<\/a><\/div>\n<\/div>\n<div class=\"x11i5rnm xat24cr x1mh8g0r x1vvkbs xtlvy1s\">\n<div dir=\"auto\">\n<p><iframe loading=\"lazy\" title=\"\u00a1\u00danete a l@s Liberadores! El movimiento de los que luchamos contra la basuraleza | Proyecto LIBERA\" width=\"800\" height=\"450\" src=\"https:\/\/www.youtube.com\/embed\/GE3lOE65yL8?feature=oembed\" frameborder=\"0\" allow=\"accelerometer; autoplay; clipboard-write; encrypted-media; gyroscope; picture-in-picture; web-share\" referrerpolicy=\"strict-origin-when-cross-origin\" allowfullscreen><\/iframe><\/p>\n<\/div>\n<div dir=\"auto\">Concejal\u00eda de Educaci\u00f3n, Cultura, Turismo y Ciudadan\u00eda.<\/div>\n<div dir=\"auto\">Concejal\u00eda de Servicios y Medio Ambiente.<\/div>\n<div dir=\"auto\">Gobierno de Los Corrales de Buelna<\/div>\n<div dir=\"auto\"><span class=\"html-span xdj266r x11i5rnm xat24cr x1mh8g0r xexx8yu x4uap5 x18d9i69 xkhd6sd x1hl2dhg x16tdsg8 x1vvkbs\"><a class=\"x1i10hfl xjbqb8w x1ejq31n xd10rxx x1sy0etr x17r0tee x972fbf xcfux6l x1qhh985 xm0m39n x9f619 x1ypdohk xt0psk2 xe8uvvx xdj266r x11i5rnm xat24cr x1mh8g0r xexx8yu x4uap5 x18d9i69 xkhd6sd x16tdsg8 x1hl2dhg xggy1nq x1a2a7pz x1sur9pj xkrqix3 xzsf02u x1s688f\" tabindex=\"0\" role=\"link\" href=\"https:\/\/www.facebook.com\/watch\/hashtag\/proyectolibera?__eep__=6%2F&amp;__tn__=*NK\">#ProyectoLIBERA<\/a><\/span>\u00a0y\u00a0<span class=\"html-span xdj266r x11i5rnm xat24cr x1mh8g0r xexx8yu x4uap5 x18d9i69 xkhd6sd x1hl2dhg x16tdsg8 x1vvkbs\"><a class=\"x1i10hfl xjbqb8w x1ejq31n xd10rxx x1sy0etr x17r0tee x972fbf xcfux6l x1qhh985 xm0m39n x9f619 x1ypdohk xt0psk2 xe8uvvx xdj266r x11i5rnm xat24cr x1mh8g0r xexx8yu x4uap5 x18d9i69 xkhd6sd x16tdsg8 x1hl2dhg xggy1nq x1a2a7pz x1sur9pj xkrqix3 xzsf02u x1s688f\" tabindex=\"0\" role=\"link\" href=\"https:\/\/www.facebook.com\/watch\/hashtag\/basuraleza?__eep__=6%2F&amp;__tn__=*NK\">#Basuraleza<\/a><\/span><\/div>\n<div dir=\"auto\">@ecoembes @seobirdlife<\/div>\n<\/div>\n","protected":false},"excerpt":{"rendered":"<p>Llega el buen tiempo y cada vez hacemos mas vida al aire libre, el Ayuntamiento de Los Corrales de Buelna a trav\u00e9s de la concejal\u00eda de Educaci\u00f3n, Cultura, Turismo y Ciudadan\u00eda y la concejal\u00eda de Servicios y Medio Ambiente quiere concienciar de la importancia de cuidar nuestro entorno. \u00a1\u00danete a los liberadores! www.proyectolibera.org Concejal\u00eda de [&hellip;]<\/p>\n","protected":false},"author":2,"featured_media":3457,"comment_status":"closed","ping_status":"closed","sticky":false,"template":"","format":"standard","meta":{"footnotes":""},"categories":[2],"tags":[164,647,611,210,58,223,83,649,17,646,125,650,648,40],"_links":{"self":[{"href":"https:\/\/espaciolaplaza.es\/index.php\/wp-json\/wp\/v2\/posts\/3516"}],"collection":[{"href":"https:\/\/espaciolaplaza.es\/index.php\/wp-json\/wp\/v2\/posts"}],"about":[{"href":"https:\/\/espaciolaplaza.es\/index.php\/wp-json\/wp\/v2\/types\/post"}],"author":[{"embeddable":true,"href":"https:\/\/espaciolaplaza.es\/index.php\/wp-json\/wp\/v2\/users\/2"}],"replies":[{"embeddable":true,"href":"https:\/\/espaciolaplaza.es\/index.php\/wp-json\/wp\/v2\/comments?post=3516"}],"version-history":[{"count":2,"href":"https:\/\/espaciolaplaza.es\/index.php\/wp-json\/wp\/v2\/posts\/3516\/revisions"}],"predecessor-version":[{"id":3518,"href":"https:\/\/espaciolaplaza.es\/index.php\/wp-json\/wp\/v2\/posts\/3516\/revisions\/3518"}],"wp:featuredmedia":[{"embeddable":true,"href":"https:\/\/espaciolaplaza.es\/index.php\/wp-json\/wp\/v2\/media\/3457"}],"wp:attachment":[{"href":"https:\/\/espaciolaplaza.es\/index.php\/wp-json\/wp\/v2\/media?parent=3516"}],"wp:term":[{"taxonomy":"category","embeddable":true,"href":"https:\/\/espaciolaplaza.es\/index.php\/wp-json\/wp\/v2\/categories?post=3516"},{"taxonomy":"post_tag","embeddable":true,"href":"https:\/\/espaciolaplaza.es\/index.php\/wp-json\/wp\/v2\/tags?post=3516"}],"curies":[{"name":"wp","href":"https:\/\/api.w.org\/{rel}","templated":true}]}}