{"id":3567,"date":"2024-09-09T09:05:16","date_gmt":"2024-09-09T08:05:16","guid":{"rendered":"https:\/\/espaciolaplaza.es\/?p=3567"},"modified":"2024-09-09T09:05:16","modified_gmt":"2024-09-09T08:05:16","slug":"inscripciones-abiertas-en-la-escuela-de-musica-alicia-triguero","status":"publish","type":"post","link":"https:\/\/espaciolaplaza.es\/index.php\/2024\/09\/09\/inscripciones-abiertas-en-la-escuela-de-musica-alicia-triguero\/","title":{"rendered":"Inscripciones abiertas en la Escuela de M\u00fasica Alicia Triguero"},"content":{"rendered":"<p>La Escuela de M\u00fasica Alicia Triguero anuncia su plazo de matr\u00edcula. La oferta educativa incluye: m\u00fasica y movimiento para los m\u00e1s peque\u00f1os, lenguaje musical, piano, guitarra, viol\u00edn, acorde\u00f3n, bater\u00eda, flauta travesera, canto, y adem\u00e1s, clases de combo, d\u00faos y agrupaciones musicales.<\/p>\n<p><strong>Matr\u00edculas<\/strong><\/p>\n<ul>\n<li>Fechas: 12 a 27 de septiembre. Los primeros d\u00edas, 12 a 17, exclusivamente antiguos alumnos<\/li>\n<li>Horario: 11:00 a 13:00 h y de 16:30 a 18:00 h<\/li>\n<li>Lugar: Escuela de M\u00fasica, Centro Cultural del Espacio La Plaza<\/li>\n<li>Tfno.: 679 24 35 84<\/li>\n<li>Fecha: inicio de curso el martes 1 de octubre<\/li>\n<\/ul>\n<p>\u00a1Te esperamos!<\/p>\n","protected":false},"excerpt":{"rendered":"<p>La Escuela de M\u00fasica Alicia Triguero anuncia su plazo de matr\u00edcula. La oferta educativa incluye: m\u00fasica y movimiento para los m\u00e1s peque\u00f1os, lenguaje musical, piano, guitarra, viol\u00edn, acorde\u00f3n, bater\u00eda, flauta travesera, canto, y adem\u00e1s, clases de combo, d\u00faos y agrupaciones musicales. Matr\u00edculas Fechas: 12 a 27 de septiembre. Los primeros d\u00edas, 12 a 17, exclusivamente [&hellip;]<\/p>\n","protected":false},"author":2,"featured_media":3568,"comment_status":"closed","ping_status":"closed","sticky":false,"template":"","format":"standard","meta":{"footnotes":""},"categories":[2],"tags":[600,128,164,102,327,81,83,15,669,24,17,667,77,23,668],"_links":{"self":[{"href":"https:\/\/espaciolaplaza.es\/index.php\/wp-json\/wp\/v2\/posts\/3567"}],"collection":[{"href":"https:\/\/espaciolaplaza.es\/index.php\/wp-json\/wp\/v2\/posts"}],"about":[{"href":"https:\/\/espaciolaplaza.es\/index.php\/wp-json\/wp\/v2\/types\/post"}],"author":[{"embeddable":true,"href":"https:\/\/espaciolaplaza.es\/index.php\/wp-json\/wp\/v2\/users\/2"}],"replies":[{"embeddable":true,"href":"https:\/\/espaciolaplaza.es\/index.php\/wp-json\/wp\/v2\/comments?post=3567"}],"version-history":[{"count":1,"href":"https:\/\/espaciolaplaza.es\/index.php\/wp-json\/wp\/v2\/posts\/3567\/revisions"}],"predecessor-version":[{"id":3569,"href":"https:\/\/espaciolaplaza.es\/index.php\/wp-json\/wp\/v2\/posts\/3567\/revisions\/3569"}],"wp:featuredmedia":[{"embeddable":true,"href":"https:\/\/espaciolaplaza.es\/index.php\/wp-json\/wp\/v2\/media\/3568"}],"wp:attachment":[{"href":"https:\/\/espaciolaplaza.es\/index.php\/wp-json\/wp\/v2\/media?parent=3567"}],"wp:term":[{"taxonomy":"category","embeddable":true,"href":"https:\/\/espaciolaplaza.es\/index.php\/wp-json\/wp\/v2\/categories?post=3567"},{"taxonomy":"post_tag","embeddable":true,"href":"https:\/\/espaciolaplaza.es\/index.php\/wp-json\/wp\/v2\/tags?post=3567"}],"curies":[{"name":"wp","href":"https:\/\/api.w.org\/{rel}","templated":true}]}}