{"id":3758,"date":"2024-10-21T08:32:25","date_gmt":"2024-10-21T07:32:25","guid":{"rendered":"https:\/\/espaciolaplaza.es\/?p=3758"},"modified":"2024-10-21T08:33:16","modified_gmt":"2024-10-21T07:33:16","slug":"descanso-escolar-halloween-2024","status":"publish","type":"post","link":"https:\/\/espaciolaplaza.es\/index.php\/2024\/10\/21\/descanso-escolar-halloween-2024\/","title":{"rendered":"Descanso Escolar Halloween 2024"},"content":{"rendered":"<div dir=\"auto\">Octubre llega a su fin\u00a0 y con el nos llega el primer descanso escolar del curso 2024-25. Desde la Concejal\u00eda de Festejos, Juventud y Atenci\u00f3n al Ciudadano del Ayuntamiento de Los Corrales de Buelna os informamos de las fechas para la preinscripci\u00f3n:<\/div>\n<ul>\n<li dir=\"auto\">Del lunes 21 de octubre a las 9h al jueves 25 de octubre a las 12h.<\/li>\n<li dir=\"auto\">A trav\u00e9s del correo: ludoteca2020@loscorralesdebuelna.es<\/li>\n<li dir=\"auto\">Asunto: \u00bb Descanso Halloween 2024 \u00ab<\/li>\n<li dir=\"auto\">La documentaci\u00f3n \u00daNICAMENTE se admitir\u00e1 en formato PDF o Word, correo recibido con la documentaci\u00f3n en cualquier otro formato (foto, JPG\u2026) NO ser\u00e1 admitido.<\/li>\n<\/ul>\n<div dir=\"auto\">Ten\u00e9is a vuestra disposici\u00f3n el tel\u00e9fono de la Agencia de Desarrollo Local 942 83 00 11 de 9,00 a 12,00 horas.<\/div>\n<div dir=\"auto\"><\/div>\n<div dir=\"auto\">El campamento se realizar\u00e1 los d\u00edas; <strong>28, 29, 30 y 31 de octubre<\/strong>; con madrugadores en horario de <strong>8.00 a 10.00<\/strong>, mediod\u00eda de 1<strong>4.00 a 15.00<\/strong> y actividades de <strong>10.00 a 14.00 horas<\/strong>.<\/div>\n<div dir=\"auto\">Destinado para los peques de los <strong>3 a los 12 a\u00f1os<\/strong> (nacidos del 2012 al 2021).<\/div>\n<div dir=\"auto\">Nuestros peques disfrutar\u00e1n en las instalaciones del CEIP Jos\u00e9 Mar\u00eda de Pereda de un campamento lleno de juegos, manualidades, talleres y un mont\u00f3n de actividades, etc.<\/div>\n<div dir=\"auto\"><\/div>\n<div dir=\"auto\">Desde la Concejal\u00eda de Festejos, Juventud y Atenci\u00f3n al Ciudadano, continuamos con el apoyo a la conciliaci\u00f3n familiar de nuestro municipio; intentamos que con estos proyectos nuestros peques , disfruten de sus descansos escolares, en un entorno agradable y controlado; de manera que podamos continuar con nuestra jornada diaria, sabiendo que ellos est\u00e1n atendidos, seguros y disfrutando.<\/div>\n<div dir=\"auto\"><\/div>\n<div dir=\"auto\">As\u00ed, que ya sab\u00e9is&#8230;<\/div>\n<div dir=\"auto\"><\/div>\n<div dir=\"auto\">PEQUES A DIVERTIRSE SE HA DICHO, PAPIS Y MAMIS A CONTINUAR CON EL D\u00cdA A D\u00cdA.<\/div>\n<div dir=\"auto\"><\/div>\n<div dir=\"auto\">SEGUIMOS APOSTANDO POR UNA VIDA LABORAL COMPATIBLE CON LA VIDA FAMILIAR.<\/div>\n<div dir=\"auto\"><\/div>\n<div dir=\"auto\">Incluimos este programa de ocio alternativo por la familia dentro del proyecto del Plan Corresponsables del Ayuntamiento de los Corrales de Buelna, impulsado desde la Concejal\u00eda de Festejos, Juventud y Atenci\u00f3n al Ciudadano, financiado con cargo a los fondos recibidos del Ministerio de Igualdad a trav\u00e9s de la Secretar\u00eda de Estado de Igualdad y Contra la Violencia de G\u00e9nero en el marco del Plan Corresponsables; subvenci\u00f3n concedida por el Gobierno de Cantabria a trav\u00e9s de la Consejer\u00eda de Inclusi\u00f3n Social, Juventud, Familias e Igualdad.<\/div>\n<div dir=\"auto\"><\/div>\n<div dir=\"auto\"><strong>Pod\u00e9is descargar la inscripci\u00f3n en este enlace:<\/strong><\/div>\n<div dir=\"auto\"><\/div>\n<div dir=\"auto\"><a href=\"http:\/\/espaciolaplaza.es\/wp-content\/uploads\/2024\/10\/BOLETIN-DE-INSCRIPCION-DESCANSO-ESCOLAR-HALLOWEEN-2024-1.pdf\">BOLET\u00cdN DE INSCRIPCI\u00d3N DESCANSO ESCOLAR HALLOWEEN 2024 (1)<\/a> <a href=\"http:\/\/espaciolaplaza.es\/wp-content\/uploads\/2024\/10\/INFORMACION-DESCANSO-ESCOLAR-HALLOWEEN-2024.pdf\">INFORMACI\u00d3N DESCANSO ESCOLAR HALLOWEEN 2024<\/a><\/div>\n","protected":false},"excerpt":{"rendered":"<p>Octubre llega a su fin\u00a0 y con el nos llega el primer descanso escolar del curso 2024-25. Desde la Concejal\u00eda de Festejos, Juventud y Atenci\u00f3n al Ciudadano del Ayuntamiento de Los Corrales de Buelna os informamos de las fechas para la preinscripci\u00f3n: Del lunes 21 de octubre a las 9h al jueves 25 de octubre [&hellip;]<\/p>\n","protected":false},"author":2,"featured_media":3759,"comment_status":"closed","ping_status":"closed","sticky":false,"template":"","format":"standard","meta":{"footnotes":""},"categories":[2],"tags":[324,722,164,210,49,720,83,721,331,723,17,23,40],"_links":{"self":[{"href":"https:\/\/espaciolaplaza.es\/index.php\/wp-json\/wp\/v2\/posts\/3758"}],"collection":[{"href":"https:\/\/espaciolaplaza.es\/index.php\/wp-json\/wp\/v2\/posts"}],"about":[{"href":"https:\/\/espaciolaplaza.es\/index.php\/wp-json\/wp\/v2\/types\/post"}],"author":[{"embeddable":true,"href":"https:\/\/espaciolaplaza.es\/index.php\/wp-json\/wp\/v2\/users\/2"}],"replies":[{"embeddable":true,"href":"https:\/\/espaciolaplaza.es\/index.php\/wp-json\/wp\/v2\/comments?post=3758"}],"version-history":[{"count":4,"href":"https:\/\/espaciolaplaza.es\/index.php\/wp-json\/wp\/v2\/posts\/3758\/revisions"}],"predecessor-version":[{"id":3765,"href":"https:\/\/espaciolaplaza.es\/index.php\/wp-json\/wp\/v2\/posts\/3758\/revisions\/3765"}],"wp:featuredmedia":[{"embeddable":true,"href":"https:\/\/espaciolaplaza.es\/index.php\/wp-json\/wp\/v2\/media\/3759"}],"wp:attachment":[{"href":"https:\/\/espaciolaplaza.es\/index.php\/wp-json\/wp\/v2\/media?parent=3758"}],"wp:term":[{"taxonomy":"category","embeddable":true,"href":"https:\/\/espaciolaplaza.es\/index.php\/wp-json\/wp\/v2\/categories?post=3758"},{"taxonomy":"post_tag","embeddable":true,"href":"https:\/\/espaciolaplaza.es\/index.php\/wp-json\/wp\/v2\/tags?post=3758"}],"curies":[{"name":"wp","href":"https:\/\/api.w.org\/{rel}","templated":true}]}}