{"id":3861,"date":"2024-11-11T13:43:05","date_gmt":"2024-11-11T12:43:05","guid":{"rendered":"https:\/\/espaciolaplaza.es\/?p=3861"},"modified":"2024-12-24T09:45:48","modified_gmt":"2024-12-24T08:45:48","slug":"cine-comercial-gladiator-ii","status":"publish","type":"post","link":"https:\/\/espaciolaplaza.es\/index.php\/2024\/11\/11\/cine-comercial-gladiator-ii\/","title":{"rendered":"Cine comercial: &#8216;Gladiator II&#8217;"},"content":{"rendered":"<p>No te pierdas este fin de semana el estreno de la nueva pel\u00edcula de Ridley Scott &#8216;Gladiator II&#8217; en el cine comercial del Teatro Municipal de Los Corrales de Buelna.<\/p>\n<p>Las sesiones son las siguientes:<\/p>\n<ul>\n<li>16, 17 y 18 de noviembre.<\/li>\n<li>A las 17:00 y a las 20:00 h.<\/li>\n<li>Entrada general a 4,71\u20ac en taquilla y a trav\u00e9s de la web <a href=\"https:\/\/www.reservaentradas.com\/cine\/cantabria\/teatroloscorralesdebuelna#sesionesproximamente\">reservaentradas.com\u00a0<\/a><\/li>\n<\/ul>\n<p><em>A\u00f1os despu\u00e9s de presenciar la muerte del admirado h\u00e9roe M\u00e1ximo a manos de su t\u00edo, Lucio (Paul Mescal) se ve forzado a entrar en el Coliseo tras ser testigo de la conquista de su hogar por parte de los tir\u00e1nicos emperadores que dirigen Roma con pu\u00f1o de hierro. Con un coraz\u00f3n desbordante de furia y el futuro del imperio en juego, Lucio debe rememorar su pasado en busca de la fuerza y el honor que devuelvan al pueblo la gloria perdida de Roma. (FILMAFFINITY)<\/em><\/p>\n<p>T\u00edtulo original: Gladiator II<\/p>\n<p>A\u00f1o: 2024<\/p>\n<p>Duraci\u00f3n: 148 min.<\/p>\n<p>Pa\u00eds: Estados Unidos<\/p>\n<p>Direcci\u00f3n: <span class=\"nb\">Ridley Scott<\/span><\/p>\n<p>Guion: <span class=\"nb\">David Scarpa<\/span><\/p>\n<p>Personajes:\u00a0<span class=\"nb\">David Franzoni<\/span><\/p>\n<p>Reparto: Paul Mescal, Pedro Pascal, Connie Nielsen, Denzel Washington y Joseph King.<\/p>\n","protected":false},"excerpt":{"rendered":"<p>No te pierdas este fin de semana el estreno de la nueva pel\u00edcula de Ridley Scott &#8216;Gladiator II&#8217; en el cine comercial del Teatro Municipal de Los Corrales de Buelna. Las sesiones son las siguientes: 16, 17 y 18 de noviembre. A las 17:00 y a las 20:00 h. Entrada general a 4,71\u20ac en taquilla [&hellip;]<\/p>\n","protected":false},"author":2,"featured_media":3862,"comment_status":"closed","ping_status":"closed","sticky":false,"template":"","format":"standard","meta":{"footnotes":""},"categories":[671,2],"tags":[164,210,38,673,102,83,755,756,17,757,758,240,759,134,40],"_links":{"self":[{"href":"https:\/\/espaciolaplaza.es\/index.php\/wp-json\/wp\/v2\/posts\/3861"}],"collection":[{"href":"https:\/\/espaciolaplaza.es\/index.php\/wp-json\/wp\/v2\/posts"}],"about":[{"href":"https:\/\/espaciolaplaza.es\/index.php\/wp-json\/wp\/v2\/types\/post"}],"author":[{"embeddable":true,"href":"https:\/\/espaciolaplaza.es\/index.php\/wp-json\/wp\/v2\/users\/2"}],"replies":[{"embeddable":true,"href":"https:\/\/espaciolaplaza.es\/index.php\/wp-json\/wp\/v2\/comments?post=3861"}],"version-history":[{"count":2,"href":"https:\/\/espaciolaplaza.es\/index.php\/wp-json\/wp\/v2\/posts\/3861\/revisions"}],"predecessor-version":[{"id":4078,"href":"https:\/\/espaciolaplaza.es\/index.php\/wp-json\/wp\/v2\/posts\/3861\/revisions\/4078"}],"wp:featuredmedia":[{"embeddable":true,"href":"https:\/\/espaciolaplaza.es\/index.php\/wp-json\/wp\/v2\/media\/3862"}],"wp:attachment":[{"href":"https:\/\/espaciolaplaza.es\/index.php\/wp-json\/wp\/v2\/media?parent=3861"}],"wp:term":[{"taxonomy":"category","embeddable":true,"href":"https:\/\/espaciolaplaza.es\/index.php\/wp-json\/wp\/v2\/categories?post=3861"},{"taxonomy":"post_tag","embeddable":true,"href":"https:\/\/espaciolaplaza.es\/index.php\/wp-json\/wp\/v2\/tags?post=3861"}],"curies":[{"name":"wp","href":"https:\/\/api.w.org\/{rel}","templated":true}]}}