{"id":3909,"date":"2024-11-19T12:03:04","date_gmt":"2024-11-19T11:03:04","guid":{"rendered":"https:\/\/espaciolaplaza.es\/?p=3909"},"modified":"2024-11-19T12:05:12","modified_gmt":"2024-11-19T11:05:12","slug":"santa-cecilia2024","status":"publish","type":"post","link":"https:\/\/espaciolaplaza.es\/index.php\/2024\/11\/19\/santa-cecilia2024\/","title":{"rendered":"\u00abSanta Cecilia\u00bb2024"},"content":{"rendered":"<div dir=\"auto\">A finales de noviembre llega una de los eventos que no pueden faltar en nuestro calendario cultural, <strong>\u201cSanta Cecilia\u201d<\/strong>, patrona de la m\u00fasica y que con m\u00fasica homenajeamos todos los a\u00f1os y desde la concejal\u00eda de cultura se prepara junto a todos aquellos que participan en el.<\/div>\n<div dir=\"auto\">Diferentes asociaciones y agrupaciones musicales del municipio, como &#8216;La Jhila&#8217;, Agrupaci\u00f3n de &#8216;Pulso y P\u00faa Fresneda&#8217;, Escuela de Folclore de Los Corrales de Buelna, Banda de Gaitas \u201cGediu\u201d o La Coral de Los Corrales de Buelna, actuaran en diferentes d\u00edas y lugares para llevar la m\u00fasica a todas partes.<\/div>\n<div dir=\"auto\"><\/div>\n<div dir=\"auto\"><strong>Programaci\u00f3n:<\/strong><\/div>\n<div dir=\"auto\"><strong>-21 de noviembre, a las 19:00 h.<\/strong><\/div>\n<div dir=\"auto\">Taller de m\u00fasica tradicional &#8216;La Jhila&#8217;<\/div>\n<div dir=\"auto\">Espacio Cultural La Plaza<\/div>\n<div dir=\"auto\"><strong>-22 de noviembre, a las 17:30 h.<\/strong><\/div>\n<div dir=\"auto\">Escuela de folclore de Los Corrales de Buelna<\/div>\n<div dir=\"auto\">Residencia Las Anjanas<\/div>\n<div dir=\"auto\"><strong>-23 de noviembre, a las 19:00 h.<\/strong><\/div>\n<div dir=\"auto\">Coral de Los Corrales de Buelna<\/div>\n<div dir=\"auto\">Iglesia Parroquial de San Vicente M\u00e1rtir<\/div>\n<div dir=\"auto\"><strong>-24 de noviembre, a las 12:00 h.<\/strong><\/div>\n<div dir=\"auto\">Agrupaci\u00f3n &#8216;Pulso y P\u00faa Fresneda&#8217;<\/div>\n<div dir=\"auto\">Iglesia parroquial de Los Corrales de Buelna<\/div>\n<div dir=\"auto\"><strong>-29 de noviembre, a las 18:15 h.<\/strong><\/div>\n<div dir=\"auto\">Banda de gaitas &#8216;Gediu&#8217;<\/div>\n<div dir=\"auto\">Residencia Las Anjanas<\/div>\n<div dir=\"auto\"><\/div>\n<div dir=\"auto\">Gracias a todas y cada uno de ellos por este esfuerzo y dedicaci\u00f3n que lo hace posible.<\/div>\n","protected":false},"excerpt":{"rendered":"<p>A finales de noviembre llega una de los eventos que no pueden faltar en nuestro calendario cultural, \u201cSanta Cecilia\u201d, patrona de la m\u00fasica y que con m\u00fasica homenajeamos todos los a\u00f1os y desde la concejal\u00eda de cultura se prepara junto a todos aquellos que participan en el. Diferentes asociaciones y agrupaciones musicales del municipio, como [&hellip;]<\/p>\n","protected":false},"author":2,"featured_media":3910,"comment_status":"closed","ping_status":"closed","sticky":false,"template":"","format":"standard","meta":{"footnotes":""},"categories":[2],"tags":[164,775,210,562,102,773,83,263,774,776,17,77,116,460,182,40],"_links":{"self":[{"href":"https:\/\/espaciolaplaza.es\/index.php\/wp-json\/wp\/v2\/posts\/3909"}],"collection":[{"href":"https:\/\/espaciolaplaza.es\/index.php\/wp-json\/wp\/v2\/posts"}],"about":[{"href":"https:\/\/espaciolaplaza.es\/index.php\/wp-json\/wp\/v2\/types\/post"}],"author":[{"embeddable":true,"href":"https:\/\/espaciolaplaza.es\/index.php\/wp-json\/wp\/v2\/users\/2"}],"replies":[{"embeddable":true,"href":"https:\/\/espaciolaplaza.es\/index.php\/wp-json\/wp\/v2\/comments?post=3909"}],"version-history":[{"count":5,"href":"https:\/\/espaciolaplaza.es\/index.php\/wp-json\/wp\/v2\/posts\/3909\/revisions"}],"predecessor-version":[{"id":3916,"href":"https:\/\/espaciolaplaza.es\/index.php\/wp-json\/wp\/v2\/posts\/3909\/revisions\/3916"}],"wp:featuredmedia":[{"embeddable":true,"href":"https:\/\/espaciolaplaza.es\/index.php\/wp-json\/wp\/v2\/media\/3910"}],"wp:attachment":[{"href":"https:\/\/espaciolaplaza.es\/index.php\/wp-json\/wp\/v2\/media?parent=3909"}],"wp:term":[{"taxonomy":"category","embeddable":true,"href":"https:\/\/espaciolaplaza.es\/index.php\/wp-json\/wp\/v2\/categories?post=3909"},{"taxonomy":"post_tag","embeddable":true,"href":"https:\/\/espaciolaplaza.es\/index.php\/wp-json\/wp\/v2\/tags?post=3909"}],"curies":[{"name":"wp","href":"https:\/\/api.w.org\/{rel}","templated":true}]}}