{"id":4065,"date":"2024-12-13T13:10:23","date_gmt":"2024-12-13T12:10:23","guid":{"rendered":"https:\/\/espaciolaplaza.es\/?p=4065"},"modified":"2026-01-20T12:28:09","modified_gmt":"2026-01-20T11:28:09","slug":"cine-comercial-here","status":"publish","type":"post","link":"https:\/\/espaciolaplaza.es\/index.php\/2024\/12\/13\/cine-comercial-here\/","title":{"rendered":"Cine comercial: &#8216;Here&#8217;"},"content":{"rendered":"<p>No te pierdas este fin de semana la proyecci\u00f3n de la pel\u00edcula <strong>&#8216;Here&#8217;<\/strong> en el <strong>Teatro Municipal <\/strong>de<strong> Los Corrales de Buelna<\/strong>.<\/p>\n<p><em>Varias familias de diferentes generaciones vistas en una \u00fanica habitaci\u00f3n del hogar que formaron. Una historia de amor, p\u00e9rdida, risas y vida, desde un pasado muy remoto hasta un futuro pr\u00f3ximo. Un viaje a lo largo de cientos de miles de a\u00f1os que transcurre, de principio a fin, en un solo lugar: aqu\u00ed. (FILMAFFINITY)<\/em><\/p>\n<ul>\n<li>D\u00edas: 13, 14, 15 y 16 de diciembre.<\/li>\n<li>Hora: 17:00 y 19:00 h.<\/li>\n<li>Lugar: Teatro Municipal de Los Corrales de Buelna.<\/li>\n<li>Entradas:\u00a0<a href=\"https:\/\/www.reservaentradas.com\/cine\/cantabria\/teatroloscorralesdebuelna\/\">reservaentradas.com<\/a><\/li>\n<\/ul>\n<p>T\u00edtulo original: Here<\/p>\n<p>A\u00f1o: 2024<\/p>\n<p>Duraci\u00f3n: 104 min.<\/p>\n<p>Pa\u00eds: Estados Unidos<\/p>\n<p>Direcci\u00f3n: <span class=\"nb\">Robert Zemeckis<\/span><\/p>\n<p>Guion: <span class=\"nb\">Eric Roth,<\/span>\u00a0<span class=\"nb\">Robert Zemeckis.<\/span><\/p>\n<p>Novela gr\u00e1fica:\u00a0<span class=\"nb\">Richard McGuire<\/span><\/p>\n<p>Reparto: Tom Hanks, Robin Wright, Paul Bettany, Kelly Reilly, Michelle Dockery, Beau Gadsdon, Leslie Zemeckis, Dexter Sol Ansell, Jonathan Aris, Ben Wiggins, Lilly Aspell, David Fynn y Lauren McQueen.<\/p>\n","protected":false},"excerpt":{"rendered":"<p>No te pierdas este fin de semana la proyecci\u00f3n de la pel\u00edcula &#8216;Here&#8217; en el Teatro Municipal de Los Corrales de Buelna. Varias familias de diferentes generaciones vistas en una \u00fanica habitaci\u00f3n del hogar que formaron. Una historia de amor, p\u00e9rdida, risas y vida, desde un pasado muy remoto hasta un futuro pr\u00f3ximo. Un viaje [&hellip;]<\/p>\n","protected":false},"author":2,"featured_media":4380,"comment_status":"closed","ping_status":"closed","sticky":false,"template":"","format":"standard","meta":{"footnotes":""},"categories":[671],"tags":[164,210,38,673,793,83,842,17,41,843,134,40],"_links":{"self":[{"href":"https:\/\/espaciolaplaza.es\/index.php\/wp-json\/wp\/v2\/posts\/4065"}],"collection":[{"href":"https:\/\/espaciolaplaza.es\/index.php\/wp-json\/wp\/v2\/posts"}],"about":[{"href":"https:\/\/espaciolaplaza.es\/index.php\/wp-json\/wp\/v2\/types\/post"}],"author":[{"embeddable":true,"href":"https:\/\/espaciolaplaza.es\/index.php\/wp-json\/wp\/v2\/users\/2"}],"replies":[{"embeddable":true,"href":"https:\/\/espaciolaplaza.es\/index.php\/wp-json\/wp\/v2\/comments?post=4065"}],"version-history":[{"count":1,"href":"https:\/\/espaciolaplaza.es\/index.php\/wp-json\/wp\/v2\/posts\/4065\/revisions"}],"predecessor-version":[{"id":4066,"href":"https:\/\/espaciolaplaza.es\/index.php\/wp-json\/wp\/v2\/posts\/4065\/revisions\/4066"}],"wp:featuredmedia":[{"embeddable":true,"href":"https:\/\/espaciolaplaza.es\/index.php\/wp-json\/wp\/v2\/media\/4380"}],"wp:attachment":[{"href":"https:\/\/espaciolaplaza.es\/index.php\/wp-json\/wp\/v2\/media?parent=4065"}],"wp:term":[{"taxonomy":"category","embeddable":true,"href":"https:\/\/espaciolaplaza.es\/index.php\/wp-json\/wp\/v2\/categories?post=4065"},{"taxonomy":"post_tag","embeddable":true,"href":"https:\/\/espaciolaplaza.es\/index.php\/wp-json\/wp\/v2\/tags?post=4065"}],"curies":[{"name":"wp","href":"https:\/\/api.w.org\/{rel}","templated":true}]}}