{"id":4284,"date":"2025-12-04T09:42:26","date_gmt":"2025-12-04T08:42:26","guid":{"rendered":"https:\/\/espaciolaplaza.es\/?p=4284"},"modified":"2026-01-20T11:58:57","modified_gmt":"2026-01-20T10:58:57","slug":"los-corrales-de-buelna-estrenara-el-campus-de-navidad-del-real-racing-club","status":"publish","type":"post","link":"https:\/\/espaciolaplaza.es\/index.php\/2025\/12\/04\/los-corrales-de-buelna-estrenara-el-campus-de-navidad-del-real-racing-club\/","title":{"rendered":"Los Corrales de Buelna estrenar\u00e1 el Campus de Navidad del Real Racing Club"},"content":{"rendered":"<p data-start=\"80\" data-end=\"438\">Los Corrales de Buelna acoger\u00e1 por primera vez el Campus de Navidad organizado por la <a href=\"https:\/\/www.fundacion.realracingclub.es\/\">Fundaci\u00f3n Real Racing Club<\/a>, aprovechando las nuevas instalaciones de hierba artificial del Complejo Municipal Deportivo Andr\u00e9s Samperio. La actividad se desarrollar\u00e1 durante la \u00faltima semana de diciembre y se clausurar\u00e1 el 2 de enero, con el plazo de matr\u00edcula ya abierto.<\/p>\n<p data-start=\"440\" data-end=\"827\">El campus est\u00e1 dirigido a ni\u00f1os y ni\u00f1as nacidos entre 2011 y 2020, mientras que los porteros podr\u00e1n participar si nacieron entre 2010 y 2019. Las sesiones tendr\u00e1n lugar de 9:00 a 14:00 horas, con la posibilidad de contratar un servicio opcional de \u2018canguro\u2019 que permitir\u00e1 adelantar la llegada en una hora y ampliar la estancia hasta las 15:15 horas, facilitando la conciliaci\u00f3n familiar.<\/p>\n<p data-start=\"829\" data-end=\"1105\">La formaci\u00f3n seguir\u00e1 la metodolog\u00eda del F\u00fatbol Educativo del Racing y de su Academia, combinando entrenamientos en los campos de hierba artificial con actividades l\u00fadicas y formativas orientadas a promover valores como el compa\u00f1erismo, la superaci\u00f3n personal y la convivencia.<\/p>\n<p data-start=\"1107\" data-end=\"1686\" data-is-last-node=\"\" data-is-only-node=\"\">Todos los participantes disfrutar\u00e1n de un desayuno saludable y contar\u00e1n con seguro m\u00e9dico. El precio de la matr\u00edcula para la semana oscila entre 74 y 109 euros, en funci\u00f3n de si el alumno pertenece al Club Racinguista, es parte de la Academia o dispone ya del kit oficial. En la opci\u00f3n m\u00e1s completa, los inscritos reciben dos camisetas, sudadera, pantal\u00f3n corto y medias. Adem\u00e1s, se aplicar\u00e1n descuentos para quienes asistan a dos turnos, inscriban a varios hermanos o pertenezcan a clubes convenidos con el Racing. El servicio de \u2018canguro\u2019 tendr\u00e1 un coste adicional de 19 euros.<\/p>\n<p data-start=\"1107\" data-end=\"1686\" data-is-last-node=\"\" data-is-only-node=\"\"><img decoding=\"async\" loading=\"lazy\" class=\"alignnone size-medium wp-image-4332\" src=\"http:\/\/espaciolaplaza.es\/wp-content\/uploads\/2025\/12\/CAMPUS-RACING2-211x300.jpg\" alt=\"\" width=\"211\" height=\"300\" srcset=\"https:\/\/espaciolaplaza.es\/wp-content\/uploads\/2025\/12\/CAMPUS-RACING2-211x300.jpg 211w, https:\/\/espaciolaplaza.es\/wp-content\/uploads\/2025\/12\/CAMPUS-RACING2-722x1024.jpg 722w, https:\/\/espaciolaplaza.es\/wp-content\/uploads\/2025\/12\/CAMPUS-RACING2-768x1090.jpg 768w, https:\/\/espaciolaplaza.es\/wp-content\/uploads\/2025\/12\/CAMPUS-RACING2.jpg 874w\" sizes=\"(max-width: 211px) 100vw, 211px\" \/><\/p>\n","protected":false},"excerpt":{"rendered":"<p>Los Corrales de Buelna acoger\u00e1 por primera vez el Campus de Navidad organizado por la Fundaci\u00f3n Real Racing Club, aprovechando las nuevas instalaciones de hierba artificial del Complejo Municipal Deportivo Andr\u00e9s Samperio. La actividad se desarrollar\u00e1 durante la \u00faltima semana de diciembre y se clausurar\u00e1 el 2 de enero, con el plazo de matr\u00edcula ya [&hellip;]<\/p>\n","protected":false},"author":2,"featured_media":4331,"comment_status":"closed","ping_status":"closed","sticky":false,"template":"","format":"standard","meta":{"footnotes":""},"categories":[2,1],"tags":[998,1000,164,993,996,1001,1003,83,995,997,999,17,667,994,1002],"_links":{"self":[{"href":"https:\/\/espaciolaplaza.es\/index.php\/wp-json\/wp\/v2\/posts\/4284"}],"collection":[{"href":"https:\/\/espaciolaplaza.es\/index.php\/wp-json\/wp\/v2\/posts"}],"about":[{"href":"https:\/\/espaciolaplaza.es\/index.php\/wp-json\/wp\/v2\/types\/post"}],"author":[{"embeddable":true,"href":"https:\/\/espaciolaplaza.es\/index.php\/wp-json\/wp\/v2\/users\/2"}],"replies":[{"embeddable":true,"href":"https:\/\/espaciolaplaza.es\/index.php\/wp-json\/wp\/v2\/comments?post=4284"}],"version-history":[{"count":3,"href":"https:\/\/espaciolaplaza.es\/index.php\/wp-json\/wp\/v2\/posts\/4284\/revisions"}],"predecessor-version":[{"id":4333,"href":"https:\/\/espaciolaplaza.es\/index.php\/wp-json\/wp\/v2\/posts\/4284\/revisions\/4333"}],"wp:featuredmedia":[{"embeddable":true,"href":"https:\/\/espaciolaplaza.es\/index.php\/wp-json\/wp\/v2\/media\/4331"}],"wp:attachment":[{"href":"https:\/\/espaciolaplaza.es\/index.php\/wp-json\/wp\/v2\/media?parent=4284"}],"wp:term":[{"taxonomy":"category","embeddable":true,"href":"https:\/\/espaciolaplaza.es\/index.php\/wp-json\/wp\/v2\/categories?post=4284"},{"taxonomy":"post_tag","embeddable":true,"href":"https:\/\/espaciolaplaza.es\/index.php\/wp-json\/wp\/v2\/tags?post=4284"}],"curies":[{"name":"wp","href":"https:\/\/api.w.org\/{rel}","templated":true}]}}