{"id":4289,"date":"2025-12-05T12:26:52","date_gmt":"2025-12-05T11:26:52","guid":{"rendered":"https:\/\/espaciolaplaza.es\/?p=4289"},"modified":"2026-01-20T11:57:03","modified_gmt":"2026-01-20T10:57:03","slug":"los-corrales-de-buelna-da-la-bienvenida-a-una-navidad-cultural-repleta-de-luz-y-espectaculos","status":"publish","type":"post","link":"https:\/\/espaciolaplaza.es\/index.php\/2025\/12\/05\/los-corrales-de-buelna-da-la-bienvenida-a-una-navidad-cultural-repleta-de-luz-y-espectaculos\/","title":{"rendered":"Los Corrales de Buelna da la bienvenida a una Navidad Cultural repleta de luz y espect\u00e1culos"},"content":{"rendered":"<p data-start=\"187\" data-end=\"544\">Los Corrales de Buelna se prepara para vivir una Navidad llena de magia, m\u00fasica y actividades para todos los p\u00fablicos. El municipio convertir\u00e1 sus calles y espacios culturales en un aut\u00e9ntico escenario festivo con motivo de la programaci\u00f3n especial <strong data-start=\"436\" data-end=\"456\">Navidad Cultural<\/strong>, una propuesta dise\u00f1ada para disfrutar en familia y llenar de vida el mes de diciembre.<\/p>\n<p data-start=\"546\" data-end=\"879\">El Ayuntamiento ha organizado un amplio abanico de citas culturales que comenzar\u00e1n el <strong data-start=\"632\" data-end=\"659\">viernes 12 de diciembre<\/strong>, a las <strong data-start=\"667\" data-end=\"682\">18:00 horas<\/strong>, en el <strong data-start=\"690\" data-end=\"710\">Teatro Municipal<\/strong>, con la obra <strong data-start=\"724\" data-end=\"788\">\u201cLa verdadera historia de los tres cerditos y el lobo feroz\u201d<\/strong>, una versi\u00f3n original de la <a href=\"https:\/\/teatrodelandamio.com\/\">compa\u00f1\u00eda Teatro del Andamio<\/a> que promete sorprender al p\u00fablico.<\/p>\n<p data-start=\"881\" data-end=\"1180\">La semana siguiente, el <strong data-start=\"905\" data-end=\"932\">viernes 19 de diciembre<\/strong>, la actividad se trasladar\u00e1 a la <strong data-start=\"966\" data-end=\"990\">Biblioteca Municipal<\/strong>, donde a las <strong data-start=\"1004\" data-end=\"1019\">19:00 horas<\/strong> tendr\u00e1 lugar el concierto <strong data-start=\"1046\" data-end=\"1068\">\u201cAntes de Navidad\u201d<\/strong>, ofrecido por la Agrupaci\u00f3n de Pulso y P\u00faa Fresneda, que ha preparado una actuaci\u00f3n especial para estas fechas.<\/p>\n<p data-start=\"1182\" data-end=\"1515\">El <strong data-start=\"1185\" data-end=\"1212\">domingo 21 de diciembre<\/strong>, el Teatro Municipal volver\u00e1 a abrir sus puertas con una doble propuesta: a las <strong data-start=\"1293\" data-end=\"1308\">12:00 horas<\/strong>, la <a href=\"https:\/\/www.eltejoproducciones.com\/\">Escuela de Teatro El Tejo Producciones<\/a> presentar\u00e1 su <strong data-start=\"1366\" data-end=\"1385\">Gala de Navidad<\/strong>, y por la noche, a las <strong data-start=\"1409\" data-end=\"1424\">20:00 horas<\/strong>, ser\u00e1 el turno del <strong data-start=\"1444\" data-end=\"1468\">Concierto de Navidad<\/strong> a cargo de la cantante l\u00edrica <a href=\"https:\/\/www.youtube.com\/@noivesolar\"><strong data-start=\"1499\" data-end=\"1514\">Noive Solar<\/strong><\/a>.<\/p>\n<p data-start=\"1517\" data-end=\"2068\">Las actividades continuar\u00e1n en el mismo escenario durante los d\u00edas posteriores. El <strong data-start=\"1600\" data-end=\"1627\">viernes 26 de diciembre<\/strong>, a las <strong data-start=\"1635\" data-end=\"1650\">18:00 horas<\/strong>, se podr\u00e1 disfrutar del espect\u00e1culo <strong data-start=\"1687\" data-end=\"1699\">\u201cTiempo\u201d<\/strong> de <a href=\"https:\/\/www.margaritoycia.com\/\">Margarito&amp;CIA<\/a>. El <strong data-start=\"1721\" data-end=\"1733\">lunes 29<\/strong>, tambi\u00e9n a las 18:00 horas, llegar\u00e1 <strong data-start=\"1770\" data-end=\"1801\">\u201cEl viaje de Lupe y Pancho\u201d<\/strong> de la <a href=\"https:\/\/www.ciasinfin.com\/\">compa\u00f1\u00eda Sin Fin<\/a>. El <strong data-start=\"1829\" data-end=\"1842\">martes 30<\/strong>, a la misma hora, la <a href=\"https:\/\/higienicopapel.com\/\">compa\u00f1\u00eda Higi\u00e9nico Papel Teatro<\/a> presentar\u00e1 <strong data-start=\"1907\" data-end=\"1936\">\u201cEl cocinero del Titanic\u201d<\/strong>. Ya en el nuevo a\u00f1o, el <strong data-start=\"1961\" data-end=\"1983\">viernes 2 de enero<\/strong>, a las <strong data-start=\"1991\" data-end=\"2006\">18:00 horas<\/strong>, la <a href=\"https:\/\/www.teatroluminaria.com\/compania\/\">compa\u00f1\u00eda Luminaria<\/a> ofrecer\u00e1 <strong data-start=\"2039\" data-end=\"2067\">\u201cSinfon\u00edas de luz negra\u201d<\/strong>.<\/p>\n<p data-start=\"2070\" data-end=\"2257\">Con esta variada programaci\u00f3n, Los Corrales de Buelna invita a vecinos y visitantes a salir a las calles y disfrutar de una Navidad diferente, llena de cultura, ilusi\u00f3n y entretenimiento.<\/p>\n<p data-start=\"2070\" data-end=\"2257\"><img decoding=\"async\" loading=\"lazy\" class=\"alignnone size-medium wp-image-4328\" src=\"http:\/\/espaciolaplaza.es\/wp-content\/uploads\/2025\/12\/Navidad-cultural-212x300.jpg\" alt=\"\" width=\"212\" height=\"300\" srcset=\"https:\/\/espaciolaplaza.es\/wp-content\/uploads\/2025\/12\/Navidad-cultural-212x300.jpg 212w, https:\/\/espaciolaplaza.es\/wp-content\/uploads\/2025\/12\/Navidad-cultural.jpg 509w\" sizes=\"(max-width: 212px) 100vw, 212px\" \/><\/p>\n","protected":false},"excerpt":{"rendered":"<p>Los Corrales de Buelna se prepara para vivir una Navidad llena de magia, m\u00fasica y actividades para todos los p\u00fablicos. El municipio convertir\u00e1 sus calles y espacios culturales en un aut\u00e9ntico escenario festivo con motivo de la programaci\u00f3n especial Navidad Cultural, una propuesta dise\u00f1ada para disfrutar en familia y llenar de vida el mes de [&hellip;]<\/p>\n","protected":false},"author":2,"featured_media":4328,"comment_status":"closed","ping_status":"closed","sticky":false,"template":"","format":"standard","meta":{"footnotes":""},"categories":[2],"tags":[1014,1018,164,30,1017,1015,83,1016,1019,17,285,1013,195,463,134],"_links":{"self":[{"href":"https:\/\/espaciolaplaza.es\/index.php\/wp-json\/wp\/v2\/posts\/4289"}],"collection":[{"href":"https:\/\/espaciolaplaza.es\/index.php\/wp-json\/wp\/v2\/posts"}],"about":[{"href":"https:\/\/espaciolaplaza.es\/index.php\/wp-json\/wp\/v2\/types\/post"}],"author":[{"embeddable":true,"href":"https:\/\/espaciolaplaza.es\/index.php\/wp-json\/wp\/v2\/users\/2"}],"replies":[{"embeddable":true,"href":"https:\/\/espaciolaplaza.es\/index.php\/wp-json\/wp\/v2\/comments?post=4289"}],"version-history":[{"count":2,"href":"https:\/\/espaciolaplaza.es\/index.php\/wp-json\/wp\/v2\/posts\/4289\/revisions"}],"predecessor-version":[{"id":4329,"href":"https:\/\/espaciolaplaza.es\/index.php\/wp-json\/wp\/v2\/posts\/4289\/revisions\/4329"}],"wp:featuredmedia":[{"embeddable":true,"href":"https:\/\/espaciolaplaza.es\/index.php\/wp-json\/wp\/v2\/media\/4328"}],"wp:attachment":[{"href":"https:\/\/espaciolaplaza.es\/index.php\/wp-json\/wp\/v2\/media?parent=4289"}],"wp:term":[{"taxonomy":"category","embeddable":true,"href":"https:\/\/espaciolaplaza.es\/index.php\/wp-json\/wp\/v2\/categories?post=4289"},{"taxonomy":"post_tag","embeddable":true,"href":"https:\/\/espaciolaplaza.es\/index.php\/wp-json\/wp\/v2\/tags?post=4289"}],"curies":[{"name":"wp","href":"https:\/\/api.w.org\/{rel}","templated":true}]}}