{"id":4309,"date":"2026-01-20T11:40:19","date_gmt":"2026-01-20T10:40:19","guid":{"rendered":"https:\/\/espaciolaplaza.es\/?p=4309"},"modified":"2026-01-20T11:40:19","modified_gmt":"2026-01-20T10:40:19","slug":"iii-concurso-de-instrumentos-de-plectro-la-rasilla-2026","status":"publish","type":"post","link":"https:\/\/espaciolaplaza.es\/index.php\/2026\/01\/20\/iii-concurso-de-instrumentos-de-plectro-la-rasilla-2026\/","title":{"rendered":"III Concurso de Instrumentos de Plectro \u00abLa Rasilla\u00bb 2026"},"content":{"rendered":"<p data-start=\"321\" data-end=\"617\">Espacio La Plaza acoge la <strong data-start=\"347\" data-end=\"415\">III Edici\u00f3n del Concurso de Instrumentos de Plectro \u201cLa Rasilla\u201d<\/strong>, un encuentro dedicado a la m\u00fasica de c\u00e1mara y a la difusi\u00f3n de los instrumentos de plectro, que se celebrar\u00e1 los d\u00edas <strong data-start=\"535\" data-end=\"563\">21 y 22 de marzo de 2026<\/strong> en el <strong data-start=\"570\" data-end=\"616\">Teatro Municipal de Los Corrales de Buelna<\/strong>. Este a\u00f1o se adelantan las fechas a marzo, incrementa los premios y abre nuevas categor\u00edas en un concurso \u00fanico en Espa\u00f1a.<\/p>\n<p data-start=\"619\" data-end=\"853\">El certamen est\u00e1 dirigido a int\u00e9rpretes y agrupaciones de instrumentos de plectro, con el objetivo de fomentar la excelencia musical, el intercambio art\u00edstico y la puesta en valor de este repertorio dentro del panorama musical actual.<\/p>\n<div dir=\"auto\">Habr\u00e1 dos modalidades, para j\u00f3venes int\u00e9rpretes, de 14 a 21 a\u00f1os, y la modalidad m\u00e1ster, a partir de 21 a\u00f1os, en dos categor\u00edas, solistas y m\u00fasica de c\u00e1mara. M\u00e1s de 1.500 euros para la organizaci\u00f3n del evento y los premios, adem\u00e1s del prestigio de quienes acuden a este concurso que ya empieza a consolidarse en el panorama musical.<\/div>\n<h4 data-start=\"855\" data-end=\"871\">-Inscripci\u00f3n<\/h4>\n<p data-start=\"855\" data-end=\"871\">El plazo de inscripci\u00f3n estar\u00e1 abierto del 1 de enero al 28 de febrero de 2026<\/p>\n<h4 dir=\"auto\"><strong>-Para m\u00e1s informaci\u00f3n:<\/strong><\/h4>\n<div dir=\"auto\">Orquesta de Plectro Los Corrales de Buelna &#8211; plectrocantabria@gmail.com<\/div>\n<div dir=\"auto\">Isidro Ter\u00e1n Ahumada \u2013 679963357 &#8211; isidro.teran.ah@gmail.com<\/div>\n<div dir=\"auto\">Rosana Ascac\u00edbar Alfaro \u2013 669101039 &#8211; rosana.asca@gmail.com<\/div>\n<p data-start=\"988\" data-end=\"1225\">El concurso est\u00e1 organizado por la <strong data-start=\"1023\" data-end=\"1072\">Orquesta de Plectro de Los Corrales de Buelna<\/strong> y cuenta con el patrocinio de la <strong data-start=\"1106\" data-end=\"1174\">Concejal\u00eda de Cultura del Ayuntamiento de Los Corrales de Buelna<\/strong>, as\u00ed como la colaboraci\u00f3n de <strong data-start=\"1204\" data-end=\"1224\">Espacio La Plaza<\/strong>.<\/p>\n<p data-start=\"1227\" data-end=\"1419\">Espacio La Plaza reafirma as\u00ed su compromiso con la m\u00fasica y la cultura, convirti\u00e9ndose en un punto de encuentro para int\u00e9rpretes, profesionales y p\u00fablico amante de los instrumentos de plectro.<\/p>\n<p data-start=\"1227\" data-end=\"1419\"><strong>Aqu\u00ed os dejamos las bases del concurso y el formulario de inscripci\u00f3n para todo aquel que quiera participar:<\/strong><\/p>\n<p data-start=\"1227\" data-end=\"1419\"><a href=\"http:\/\/espaciolaplaza.es\/wp-content\/uploads\/2026\/01\/2026-BASES-Concurso-de-Instrumentos-de-Plectro-_La-Rasilla_-.pdf\">2026 BASES Concurso de Instrumentos de Plectro _La Rasilla_<\/a><\/p>\n<p data-start=\"1227\" data-end=\"1419\">\n","protected":false},"excerpt":{"rendered":"<p>Espacio La Plaza acoge la III Edici\u00f3n del Concurso de Instrumentos de Plectro \u201cLa Rasilla\u201d, un encuentro dedicado a la m\u00fasica de c\u00e1mara y a la difusi\u00f3n de los instrumentos de plectro, que se celebrar\u00e1 los d\u00edas 21 y 22 de marzo de 2026 en el Teatro Municipal de Los Corrales de Buelna. Este a\u00f1o [&hellip;]<\/p>\n","protected":false},"author":2,"featured_media":4313,"comment_status":"closed","ping_status":"closed","sticky":false,"template":"","format":"standard","meta":{"footnotes":""},"categories":[2],"tags":[1056,128,657,164,210,656,11,102,83,1055,225,17,77,659,606,658,40],"_links":{"self":[{"href":"https:\/\/espaciolaplaza.es\/index.php\/wp-json\/wp\/v2\/posts\/4309"}],"collection":[{"href":"https:\/\/espaciolaplaza.es\/index.php\/wp-json\/wp\/v2\/posts"}],"about":[{"href":"https:\/\/espaciolaplaza.es\/index.php\/wp-json\/wp\/v2\/types\/post"}],"author":[{"embeddable":true,"href":"https:\/\/espaciolaplaza.es\/index.php\/wp-json\/wp\/v2\/users\/2"}],"replies":[{"embeddable":true,"href":"https:\/\/espaciolaplaza.es\/index.php\/wp-json\/wp\/v2\/comments?post=4309"}],"version-history":[{"count":3,"href":"https:\/\/espaciolaplaza.es\/index.php\/wp-json\/wp\/v2\/posts\/4309\/revisions"}],"predecessor-version":[{"id":4315,"href":"https:\/\/espaciolaplaza.es\/index.php\/wp-json\/wp\/v2\/posts\/4309\/revisions\/4315"}],"wp:featuredmedia":[{"embeddable":true,"href":"https:\/\/espaciolaplaza.es\/index.php\/wp-json\/wp\/v2\/media\/4313"}],"wp:attachment":[{"href":"https:\/\/espaciolaplaza.es\/index.php\/wp-json\/wp\/v2\/media?parent=4309"}],"wp:term":[{"taxonomy":"category","embeddable":true,"href":"https:\/\/espaciolaplaza.es\/index.php\/wp-json\/wp\/v2\/categories?post=4309"},{"taxonomy":"post_tag","embeddable":true,"href":"https:\/\/espaciolaplaza.es\/index.php\/wp-json\/wp\/v2\/tags?post=4309"}],"curies":[{"name":"wp","href":"https:\/\/api.w.org\/{rel}","templated":true}]}}