{"id":4390,"date":"2026-01-23T10:07:01","date_gmt":"2026-01-23T09:07:01","guid":{"rendered":"https:\/\/espaciolaplaza.es\/?p=4390"},"modified":"2026-02-23T09:54:49","modified_gmt":"2026-02-23T08:54:49","slug":"cine-comercial-abuela-tremenda","status":"publish","type":"post","link":"https:\/\/espaciolaplaza.es\/index.php\/2026\/01\/23\/cine-comercial-abuela-tremenda\/","title":{"rendered":"Cine comercial: Abuela tremenda"},"content":{"rendered":"<div class=\"credits\">No te pierdas la proyecci\u00f3n de una de las pel\u00edculas m\u00e1s esperadas del a\u00f1o <strong>\u2018Abuela tremenda\u2019<\/strong>, en el\u00a0<strong>Teatro Municipal<\/strong>\u00a0de\u00a0<strong>Los Corrales de Buelna<\/strong>.<\/div>\n<div>\n<ul>\n<li>D\u00edas: 23, 24, 25 y 26 de enero.<\/li>\n<li>Hora: a las 17:00 y a las 20:00.<\/li>\n<li>Lugar: Teatro Municipal de Los Corrales de Buelna.<\/li>\n<li>Entrada general: 4,71\u20ac venta de entradas en taquilla y en\u00a0<a href=\"https:\/\/www.reservaentradas.com\/sesiones\/cantabria\/teatroloscorralesdebuelna\/abuela-tremenda\/748\/\">reservaentradas.com<\/a><\/li>\n<\/ul>\n<\/div>\n<p><em>To\u00f1i no es una abuela cualquiera. Es un torbellino, un alma libre que se mete siempre en l\u00edos. A su hija Daniela la trae un poco de cabeza, pero su nieta Alexia la adora. Por eso, cuando Daniela se lleva a Alexia a un retiro rural de su empresa, To\u00f1i no duda en presentarse all\u00ed con su caravana para pasar tiempo con su nieta y animar el cotarro a toda costa. To\u00f1i pondr\u00e1 patas arriba el retiro y el trabajo de Daniela y, sin querer, tambi\u00e9n pondr\u00e1 algunas cosas en su sitio. (FILMAFFINITY)<\/em><\/p>\n<dl class=\"movie-info\">\n<dt>\n<dl class=\"movie-info\">\n<dt>\n<dl class=\"movie-info\">\n<dt>\n<dl class=\"movie-info\">\n<dt>T\u00edtulo original: Abuela tremenda<\/dt>\n<dt>A\u00f1o: 2026<\/dt>\n<dt>Duraci\u00f3n: 88 min.<\/dt>\n<dt>Pa\u00eds: Espa\u00f1a<\/dt>\n<dt>Direcci\u00f3n: Ana V\u00e1zquez<\/dt>\n<dt>Guion: Roberto Jim\u00e9nez<\/dt>\n<\/dl>\n<\/dt>\n<\/dl>\n<\/dt>\n<\/dl>\n<\/dt>\n<\/dl>\n<p>\u00a1Te esperamos!<\/p>\n","protected":false},"excerpt":{"rendered":"<p>No te pierdas la proyecci\u00f3n de una de las pel\u00edculas m\u00e1s esperadas del a\u00f1o \u2018Abuela tremenda\u2019, en el\u00a0Teatro Municipal\u00a0de\u00a0Los Corrales de Buelna. D\u00edas: 23, 24, 25 y 26 de enero. Hora: a las 17:00 y a las 20:00. Lugar: Teatro Municipal de Los Corrales de Buelna. Entrada general: 4,71\u20ac venta de entradas en taquilla y [&hellip;]<\/p>\n","protected":false},"author":2,"featured_media":4391,"comment_status":"closed","ping_status":"closed","sticky":false,"template":"","format":"standard","meta":{"footnotes":""},"categories":[671,2],"tags":[1057,164,972,473,985,989,793,83,17,986,988,982],"_links":{"self":[{"href":"https:\/\/espaciolaplaza.es\/index.php\/wp-json\/wp\/v2\/posts\/4390"}],"collection":[{"href":"https:\/\/espaciolaplaza.es\/index.php\/wp-json\/wp\/v2\/posts"}],"about":[{"href":"https:\/\/espaciolaplaza.es\/index.php\/wp-json\/wp\/v2\/types\/post"}],"author":[{"embeddable":true,"href":"https:\/\/espaciolaplaza.es\/index.php\/wp-json\/wp\/v2\/users\/2"}],"replies":[{"embeddable":true,"href":"https:\/\/espaciolaplaza.es\/index.php\/wp-json\/wp\/v2\/comments?post=4390"}],"version-history":[{"count":2,"href":"https:\/\/espaciolaplaza.es\/index.php\/wp-json\/wp\/v2\/posts\/4390\/revisions"}],"predecessor-version":[{"id":4403,"href":"https:\/\/espaciolaplaza.es\/index.php\/wp-json\/wp\/v2\/posts\/4390\/revisions\/4403"}],"wp:featuredmedia":[{"embeddable":true,"href":"https:\/\/espaciolaplaza.es\/index.php\/wp-json\/wp\/v2\/media\/4391"}],"wp:attachment":[{"href":"https:\/\/espaciolaplaza.es\/index.php\/wp-json\/wp\/v2\/media?parent=4390"}],"wp:term":[{"taxonomy":"category","embeddable":true,"href":"https:\/\/espaciolaplaza.es\/index.php\/wp-json\/wp\/v2\/categories?post=4390"},{"taxonomy":"post_tag","embeddable":true,"href":"https:\/\/espaciolaplaza.es\/index.php\/wp-json\/wp\/v2\/tags?post=4390"}],"curies":[{"name":"wp","href":"https:\/\/api.w.org\/{rel}","templated":true}]}}