{"id":4397,"date":"2026-01-27T10:00:36","date_gmt":"2026-01-27T09:00:36","guid":{"rendered":"https:\/\/espaciolaplaza.es\/?p=4397"},"modified":"2026-01-27T10:00:36","modified_gmt":"2026-01-27T09:00:36","slug":"los-corrales-de-buelna-celebrara-su-carnaval-2026","status":"publish","type":"post","link":"https:\/\/espaciolaplaza.es\/index.php\/2026\/01\/27\/los-corrales-de-buelna-celebrara-su-carnaval-2026\/","title":{"rendered":"Los Corrales de Buelna celebrar\u00e1 su Carnaval 2026"},"content":{"rendered":"<p data-start=\"179\" data-end=\"347\">Los Corrales de Buelna se prepara para vivir una jornada llena de color y diversi\u00f3n con la celebraci\u00f3n del Carnaval 2026, que tendr\u00e1 lugar el pr\u00f3ximo <strong data-start=\"329\" data-end=\"346\">20 de febrero<\/strong>.<\/p>\n<p data-start=\"349\" data-end=\"700\">El programa incluir\u00e1 un <strong data-start=\"373\" data-end=\"389\">gran desfile<\/strong> en el que participar\u00e1n batucadas, murgas y grupos musicales, animando las calles del municipio con ritmo y alegr\u00eda. Uno de los momentos m\u00e1s esperados ser\u00e1 el <strong data-start=\"548\" data-end=\"573\">concurso de disfraces<\/strong>, que repartir\u00e1 un total de <strong data-start=\"601\" data-end=\"627\">1.600 euros en premios<\/strong>, incentivando la creatividad y la participaci\u00f3n de vecinos y visitantes.<\/p>\n<p data-start=\"702\" data-end=\"895\">Adem\u00e1s, la fiesta contar\u00e1 con una <strong data-start=\"736\" data-end=\"759\">chocolatada popular<\/strong>, pensada para todos los p\u00fablicos, y diversas actividades festivas que convertir\u00e1n la jornada en una aut\u00e9ntica celebraci\u00f3n del carnaval.<\/p>\n<p data-start=\"897\" data-end=\"1123\">El evento est\u00e1 organizado con la colaboraci\u00f3n del Ayuntamiento de Los Corrales de Buelna, la pe\u00f1a Los Papis y la Oficina de Informaci\u00f3n Juvenil, consolid\u00e1ndose como una de las citas m\u00e1s destacadas del calendario festivo local.<\/p>\n<p data-start=\"897\" data-end=\"1123\">\u00a1No te lo pierdas!<\/p>\n","protected":false},"excerpt":{"rendered":"<p>Los Corrales de Buelna se prepara para vivir una jornada llena de color y diversi\u00f3n con la celebraci\u00f3n del Carnaval 2026, que tendr\u00e1 lugar el pr\u00f3ximo 20 de febrero. El programa incluir\u00e1 un gran desfile en el que participar\u00e1n batucadas, murgas y grupos musicales, animando las calles del municipio con ritmo y alegr\u00eda. Uno de [&hellip;]<\/p>\n","protected":false},"author":2,"featured_media":4398,"comment_status":"closed","ping_status":"closed","sticky":false,"template":"","format":"standard","meta":{"footnotes":""},"categories":[2],"tags":[1063,1064,1065,164,1061,210,1058,449,158,1060,12,793,83,1066,159,1059,17,1062,77,1050,19],"_links":{"self":[{"href":"https:\/\/espaciolaplaza.es\/index.php\/wp-json\/wp\/v2\/posts\/4397"}],"collection":[{"href":"https:\/\/espaciolaplaza.es\/index.php\/wp-json\/wp\/v2\/posts"}],"about":[{"href":"https:\/\/espaciolaplaza.es\/index.php\/wp-json\/wp\/v2\/types\/post"}],"author":[{"embeddable":true,"href":"https:\/\/espaciolaplaza.es\/index.php\/wp-json\/wp\/v2\/users\/2"}],"replies":[{"embeddable":true,"href":"https:\/\/espaciolaplaza.es\/index.php\/wp-json\/wp\/v2\/comments?post=4397"}],"version-history":[{"count":1,"href":"https:\/\/espaciolaplaza.es\/index.php\/wp-json\/wp\/v2\/posts\/4397\/revisions"}],"predecessor-version":[{"id":4399,"href":"https:\/\/espaciolaplaza.es\/index.php\/wp-json\/wp\/v2\/posts\/4397\/revisions\/4399"}],"wp:featuredmedia":[{"embeddable":true,"href":"https:\/\/espaciolaplaza.es\/index.php\/wp-json\/wp\/v2\/media\/4398"}],"wp:attachment":[{"href":"https:\/\/espaciolaplaza.es\/index.php\/wp-json\/wp\/v2\/media?parent=4397"}],"wp:term":[{"taxonomy":"category","embeddable":true,"href":"https:\/\/espaciolaplaza.es\/index.php\/wp-json\/wp\/v2\/categories?post=4397"},{"taxonomy":"post_tag","embeddable":true,"href":"https:\/\/espaciolaplaza.es\/index.php\/wp-json\/wp\/v2\/tags?post=4397"}],"curies":[{"name":"wp","href":"https:\/\/api.w.org\/{rel}","templated":true}]}}