{"id":4466,"date":"2026-03-12T11:50:04","date_gmt":"2026-03-12T10:50:04","guid":{"rendered":"https:\/\/espaciolaplaza.es\/?p=4466"},"modified":"2026-03-12T11:50:49","modified_gmt":"2026-03-12T10:50:49","slug":"cine-comercial-cumbres-borrascosas-2","status":"publish","type":"post","link":"https:\/\/espaciolaplaza.es\/index.php\/2026\/03\/12\/cine-comercial-cumbres-borrascosas-2\/","title":{"rendered":"Cine comercial: Como cabras"},"content":{"rendered":"<div class=\"credits\">No te pierdas la proyecci\u00f3n de la pel\u00edcula de animaci\u00f3n del a\u00f1o <strong>\u2018Como cabras\u2019<\/strong>, en el\u00a0<strong>Teatro Municipal<\/strong>\u00a0de\u00a0<strong>Los Corrales de Buelna<\/strong>.<\/div>\n<div>\n<ul>\n<li>D\u00edas: 13, 14, 15 y 16 de marzo.<\/li>\n<li>Hora: a las 17:00 y a las 19:00.<\/li>\n<li>Lugar: Teatro Municipal de Los Corrales de Buelna.<\/li>\n<li>Entrada general: 4,71\u20ac venta de entradas en taquilla y en\u00a0<a href=\"https:\/\/www.reservaentradas.com\/sesiones\/cantabria\/teatroloscorralesdebuelna\/como-cabras\/765?proximamente=true&amp;\">reservaentradas.com<\/a><\/li>\n<\/ul>\n<\/div>\n<p><em>Will es una peque\u00f1a cabra con grandes sue\u00f1os que recibe una oportunidad \u00fanica en la vida para unirse a los profesionales y jugar al rugebol, un deporte de alta intensidad, mixto y de contacto total dominado por los animales m\u00e1s r\u00e1pidos y feroces del mundo. A los nuevos compa\u00f1eros de equipo de Will no les entusiasma tener a una cabrita en su plantilla, pero Will est\u00e1 decidido a revolucionar el deporte y demostrar de una vez por todas que &#8216;\u00a1los peque\u00f1os saben jugar!&#8217;. (FILMAFFINITY)<\/em><\/p>\n<p>T\u00edtulo original: GOAT<\/p>\n<p>A\u00f1o: 2026<\/p>\n<dl class=\"movie-info\">\n<dt>\n<dl class=\"movie-info\">\n<dt>\n<dl class=\"movie-info\">\n<dt>\n<dl class=\"movie-info\">\n<dt>\n<dl class=\"movie-info\">\n<dt>Duraci\u00f3n: 100 min.<\/dt>\n<dt>Pa\u00eds: Estados Unidos<\/dt>\n<dt>Direcci\u00f3n: <span class=\"nb\">Tyree Dillihay y<\/span>\u00a0<span class=\"nb\">Adam Rosette<\/span><\/dt>\n<dt>Guion: <span class=\"nb\">Aaron Buchsbaum y <\/span><span class=\"nb\">Teddy Riley<\/span><\/dt>\n<dt>Libro:\u00a0<span class=\"nb\">Chris Tougas<\/span>Historia:\u00a0<span class=\"nb\">Pete Chiarelli y <\/span><span class=\"nb\">Nicolas Curcio<\/span><\/dt>\n<\/dl>\n<\/dt>\n<\/dl>\n<\/dt>\n<\/dl>\n<\/dt>\n<\/dl>\n<\/dt>\n<\/dl>\n<p>\u00a1Te esperamos!<\/p>\n","protected":false},"excerpt":{"rendered":"<p>No te pierdas la proyecci\u00f3n de la pel\u00edcula de animaci\u00f3n del a\u00f1o \u2018Como cabras\u2019, en el\u00a0Teatro Municipal\u00a0de\u00a0Los Corrales de Buelna. D\u00edas: 13, 14, 15 y 16 de marzo. Hora: a las 17:00 y a las 19:00. Lugar: Teatro Municipal de Los Corrales de Buelna. Entrada general: 4,71\u20ac venta de entradas en taquilla y en\u00a0reservaentradas.com Will [&hellip;]<\/p>\n","protected":false},"author":2,"featured_media":4469,"comment_status":"closed","ping_status":"closed","sticky":false,"template":"","format":"standard","meta":{"footnotes":""},"categories":[671,2],"tags":[164,1161,972,1160,1158,793,83,1159,17,986,988,982],"_links":{"self":[{"href":"https:\/\/espaciolaplaza.es\/index.php\/wp-json\/wp\/v2\/posts\/4466"}],"collection":[{"href":"https:\/\/espaciolaplaza.es\/index.php\/wp-json\/wp\/v2\/posts"}],"about":[{"href":"https:\/\/espaciolaplaza.es\/index.php\/wp-json\/wp\/v2\/types\/post"}],"author":[{"embeddable":true,"href":"https:\/\/espaciolaplaza.es\/index.php\/wp-json\/wp\/v2\/users\/2"}],"replies":[{"embeddable":true,"href":"https:\/\/espaciolaplaza.es\/index.php\/wp-json\/wp\/v2\/comments?post=4466"}],"version-history":[{"count":3,"href":"https:\/\/espaciolaplaza.es\/index.php\/wp-json\/wp\/v2\/posts\/4466\/revisions"}],"predecessor-version":[{"id":4473,"href":"https:\/\/espaciolaplaza.es\/index.php\/wp-json\/wp\/v2\/posts\/4466\/revisions\/4473"}],"wp:featuredmedia":[{"embeddable":true,"href":"https:\/\/espaciolaplaza.es\/index.php\/wp-json\/wp\/v2\/media\/4469"}],"wp:attachment":[{"href":"https:\/\/espaciolaplaza.es\/index.php\/wp-json\/wp\/v2\/media?parent=4466"}],"wp:term":[{"taxonomy":"category","embeddable":true,"href":"https:\/\/espaciolaplaza.es\/index.php\/wp-json\/wp\/v2\/categories?post=4466"},{"taxonomy":"post_tag","embeddable":true,"href":"https:\/\/espaciolaplaza.es\/index.php\/wp-json\/wp\/v2\/tags?post=4466"}],"curies":[{"name":"wp","href":"https:\/\/api.w.org\/{rel}","templated":true}]}}