{"id":4474,"date":"2026-03-16T09:41:13","date_gmt":"2026-03-16T08:41:13","guid":{"rendered":"https:\/\/espaciolaplaza.es\/?p=4474"},"modified":"2026-03-16T09:41:13","modified_gmt":"2026-03-16T08:41:13","slug":"los-corrales-de-buelna-acogera-el-concierto-de-clausura-del-iii-concurso-de-instrumentos-de-plectro-la-rasilla","status":"publish","type":"post","link":"https:\/\/espaciolaplaza.es\/index.php\/2026\/03\/16\/los-corrales-de-buelna-acogera-el-concierto-de-clausura-del-iii-concurso-de-instrumentos-de-plectro-la-rasilla\/","title":{"rendered":"Los Corrales de Buelna acoger\u00e1 el concierto de clausura del III Concurso de Instrumentos de Plectro \u201cLa Rasilla\u201d"},"content":{"rendered":"<p data-start=\"118\" data-end=\"471\">El municipio de <span class=\"hover:entity-accent entity-underline inline cursor-pointer align-baseline\"><span class=\"whitespace-normal\">Los Corrales de Buelna<\/span><\/span> celebrar\u00e1 el pr\u00f3ximo <strong data-start=\"193\" data-end=\"241\">s\u00e1bado 21 de marzo de 2026 a las 19:00 horas<\/strong> el <strong data-start=\"245\" data-end=\"335\">Concierto de Gala de Clausura del III Concurso de Instrumentos de Plectro \u201cLa Rasilla\u201d<\/strong>, un evento que reunir\u00e1 a destacados int\u00e9rpretes de este tipo de instrumentos en el escenario del <span class=\"hover:entity-accent entity-underline inline cursor-pointer align-baseline\"><span class=\"whitespace-normal\">Teatro Municipal de Los Corrales de Buelna<\/span><\/span>.<\/p>\n<p data-start=\"473\" data-end=\"790\">El concierto contar\u00e1 con la participaci\u00f3n de varios artistas y formaciones especializadas en instrumentos de cuerda pulsada. Entre ellos destaca <strong data-start=\"618\" data-end=\"631\">D\u00fao Viura<\/strong>, integrado por <strong data-start=\"647\" data-end=\"667\">Rosana Ascac\u00edbar<\/strong> (mandolina y bandurria) y <strong data-start=\"694\" data-end=\"713\">Eduardo Jim\u00e9nez<\/strong> (guitarra), quienes ofrecer\u00e1n parte de su repertorio en esta gala de cierre.<\/p>\n<p data-start=\"792\" data-end=\"1020\">Tambi\u00e9n actuar\u00e1 el <strong data-start=\"811\" data-end=\"829\">Duo \u201cDos P\u00faas\u201d<\/strong>, formado por <strong data-start=\"843\" data-end=\"865\">Irina Kazimirskaya<\/strong> (mandolina y domra) y <strong data-start=\"888\" data-end=\"905\">Natalia L\u00f3pez<\/strong>, ganadoras del concurso en su edici\u00f3n de 2025, que volver\u00e1n al escenario para compartir su talento con el p\u00fablico.<\/p>\n<p data-start=\"1022\" data-end=\"1307\">El programa se completar\u00e1 con las actuaciones de <strong data-start=\"1071\" data-end=\"1090\">Javier Canduela<\/strong> (guitarra), <strong data-start=\"1103\" data-end=\"1122\">Carlos Exp\u00f3sito<\/strong> (contrabajo), <strong data-start=\"1137\" data-end=\"1155\">Andr\u00e9s Herrera<\/strong> (guitarra) e <strong data-start=\"1169\" data-end=\"1185\">Isidro Ter\u00e1n<\/strong> (acorde\u00f3n), configurando una velada musical variada que pondr\u00e1 en valor la riqueza sonora de los instrumentos de plectro.<\/p>\n<p data-start=\"1309\" data-end=\"1603\">El evento cuenta con el apoyo institucional del <strong data-start=\"1357\" data-end=\"1399\">Ayuntamiento de Los Corrales de Buelna<\/strong>, el <strong data-start=\"1404\" data-end=\"1429\">Gobierno de Cantabria<\/strong> y la <strong data-start=\"1435\" data-end=\"1457\">Orquesta Municipal<\/strong>, y se espera que re\u00fana a aficionados y amantes de la m\u00fasica en una jornada cultural que marcar\u00e1 el cierre de la tercera edici\u00f3n de este certamen.<\/p>\n<p data-start=\"1605\" data-end=\"1818\" data-is-last-node=\"\" data-is-only-node=\"\">La gala se perfila como una cita destacada dentro de la agenda cultural del municipio, consolidando al concurso \u201cLa Rasilla\u201d como un referente para la promoci\u00f3n y difusi\u00f3n de los instrumentos de cuerda pulsada.<\/p>\n","protected":false},"excerpt":{"rendered":"<p>El municipio de Los Corrales de Buelna celebrar\u00e1 el pr\u00f3ximo s\u00e1bado 21 de marzo de 2026 a las 19:00 horas el Concierto de Gala de Clausura del III Concurso de Instrumentos de Plectro \u201cLa Rasilla\u201d, un evento que reunir\u00e1 a destacados int\u00e9rpretes de este tipo de instrumentos en el escenario del Teatro Municipal de Los [&hellip;]<\/p>\n","protected":false},"author":2,"featured_media":4475,"comment_status":"closed","ping_status":"closed","sticky":false,"template":"","format":"standard","meta":{"footnotes":""},"categories":[2],"tags":[1176,1166,1175,1162,1181,1178,1171,1168,1170,1179,1180,1167,1163,1172,1177,1174,17,1165,1164,1173,1169,40],"_links":{"self":[{"href":"https:\/\/espaciolaplaza.es\/index.php\/wp-json\/wp\/v2\/posts\/4474"}],"collection":[{"href":"https:\/\/espaciolaplaza.es\/index.php\/wp-json\/wp\/v2\/posts"}],"about":[{"href":"https:\/\/espaciolaplaza.es\/index.php\/wp-json\/wp\/v2\/types\/post"}],"author":[{"embeddable":true,"href":"https:\/\/espaciolaplaza.es\/index.php\/wp-json\/wp\/v2\/users\/2"}],"replies":[{"embeddable":true,"href":"https:\/\/espaciolaplaza.es\/index.php\/wp-json\/wp\/v2\/comments?post=4474"}],"version-history":[{"count":1,"href":"https:\/\/espaciolaplaza.es\/index.php\/wp-json\/wp\/v2\/posts\/4474\/revisions"}],"predecessor-version":[{"id":4476,"href":"https:\/\/espaciolaplaza.es\/index.php\/wp-json\/wp\/v2\/posts\/4474\/revisions\/4476"}],"wp:featuredmedia":[{"embeddable":true,"href":"https:\/\/espaciolaplaza.es\/index.php\/wp-json\/wp\/v2\/media\/4475"}],"wp:attachment":[{"href":"https:\/\/espaciolaplaza.es\/index.php\/wp-json\/wp\/v2\/media?parent=4474"}],"wp:term":[{"taxonomy":"category","embeddable":true,"href":"https:\/\/espaciolaplaza.es\/index.php\/wp-json\/wp\/v2\/categories?post=4474"},{"taxonomy":"post_tag","embeddable":true,"href":"https:\/\/espaciolaplaza.es\/index.php\/wp-json\/wp\/v2\/tags?post=4474"}],"curies":[{"name":"wp","href":"https:\/\/api.w.org\/{rel}","templated":true}]}}