{"id":4478,"date":"2026-03-16T09:45:55","date_gmt":"2026-03-16T08:45:55","guid":{"rendered":"https:\/\/espaciolaplaza.es\/?p=4478"},"modified":"2026-03-16T09:45:55","modified_gmt":"2026-03-16T08:45:55","slug":"la-biblioteca-municipal-de-los-corrales-de-buelna-acoge-la-presentacion-del-libro-no-hombre","status":"publish","type":"post","link":"https:\/\/espaciolaplaza.es\/index.php\/2026\/03\/16\/la-biblioteca-municipal-de-los-corrales-de-buelna-acoge-la-presentacion-del-libro-no-hombre\/","title":{"rendered":"La Biblioteca Municipal de Los Corrales de Buelna acoge la presentaci\u00f3n del libro \u201cNo Hombre\u201d"},"content":{"rendered":"<p data-start=\"99\" data-end=\"351\">La <span class=\"hover:entity-accent entity-underline inline cursor-pointer align-baseline\"><span class=\"whitespace-normal\">Biblioteca Municipal de Los Corrales de Buelna<\/span><\/span> organizar\u00e1 un nuevo encuentro literario dentro del ciclo <strong data-start=\"197\" data-end=\"224\">\u201cEntre Amigos y Libros\u201d<\/strong> con la presentaci\u00f3n de la novela <strong data-start=\"258\" data-end=\"299\"><span class=\"hover:entity-accent entity-underline inline cursor-pointer align-baseline\"><span class=\"whitespace-normal\">No Hombre<\/span><\/span><\/strong>, escrita por <span class=\"hover:entity-accent entity-underline inline cursor-pointer align-baseline\"><span class=\"whitespace-normal\">Javier Mart\u00ednez Rueda<\/span><\/span>.<\/p>\n<p data-start=\"353\" data-end=\"730\">El evento tendr\u00e1 lugar el <strong data-start=\"379\" data-end=\"420\">viernes 27 de marzo a las 19:00 horas<\/strong> y contar\u00e1 con la participaci\u00f3n del autor, quien conversar\u00e1 con el p\u00fablico sobre el proceso creativo y los temas que aborda la obra. La actividad estar\u00e1 acompa\u00f1ada por <span class=\"hover:entity-accent entity-underline inline cursor-pointer align-baseline\"><span class=\"whitespace-normal\">Nacho Cavia<\/span><\/span>, que participar\u00e1 en un di\u00e1logo con el escritor para profundizar en los aspectos literarios de la novela.<\/p>\n<p data-start=\"732\" data-end=\"1071\">La iniciativa forma parte del programa cultural promovido por el <span class=\"hover:entity-accent entity-underline inline cursor-pointer align-baseline\"><span class=\"whitespace-normal\">Ayuntamiento de Los Corrales de Buelna<\/span><\/span> para fomentar la lectura y acercar a los autores al p\u00fablico local. Bajo el formato de conversaci\u00f3n abierta, los asistentes podr\u00e1n conocer de primera mano los detalles de la obra y participar en un intercambio de ideas en torno al libro.<\/p>\n<p data-start=\"1073\" data-end=\"1207\">El encuentro est\u00e1 abierto al p\u00fablico y busca consolidar la biblioteca como un espacio de di\u00e1logo cultural y literario en el municipio.<\/p>\n<p data-start=\"1073\" data-end=\"1207\">\n<p data-start=\"1073\" data-end=\"1207\">\u00a1Te esperamos!<\/p>\n","protected":false},"excerpt":{"rendered":"<p>La Biblioteca Municipal de Los Corrales de Buelna organizar\u00e1 un nuevo encuentro literario dentro del ciclo \u201cEntre Amigos y Libros\u201d con la presentaci\u00f3n de la novela No Hombre, escrita por Javier Mart\u00ednez Rueda. El evento tendr\u00e1 lugar el viernes 27 de marzo a las 19:00 horas y contar\u00e1 con la participaci\u00f3n del autor, quien conversar\u00e1 [&hellip;]<\/p>\n","protected":false},"author":2,"featured_media":4479,"comment_status":"closed","ping_status":"closed","sticky":false,"template":"","format":"standard","meta":{"footnotes":""},"categories":[2],"tags":[1190,1141,1189,1186,793,83,1066,1184,1187,17,1185,1183,1182,1188],"_links":{"self":[{"href":"https:\/\/espaciolaplaza.es\/index.php\/wp-json\/wp\/v2\/posts\/4478"}],"collection":[{"href":"https:\/\/espaciolaplaza.es\/index.php\/wp-json\/wp\/v2\/posts"}],"about":[{"href":"https:\/\/espaciolaplaza.es\/index.php\/wp-json\/wp\/v2\/types\/post"}],"author":[{"embeddable":true,"href":"https:\/\/espaciolaplaza.es\/index.php\/wp-json\/wp\/v2\/users\/2"}],"replies":[{"embeddable":true,"href":"https:\/\/espaciolaplaza.es\/index.php\/wp-json\/wp\/v2\/comments?post=4478"}],"version-history":[{"count":1,"href":"https:\/\/espaciolaplaza.es\/index.php\/wp-json\/wp\/v2\/posts\/4478\/revisions"}],"predecessor-version":[{"id":4480,"href":"https:\/\/espaciolaplaza.es\/index.php\/wp-json\/wp\/v2\/posts\/4478\/revisions\/4480"}],"wp:featuredmedia":[{"embeddable":true,"href":"https:\/\/espaciolaplaza.es\/index.php\/wp-json\/wp\/v2\/media\/4479"}],"wp:attachment":[{"href":"https:\/\/espaciolaplaza.es\/index.php\/wp-json\/wp\/v2\/media?parent=4478"}],"wp:term":[{"taxonomy":"category","embeddable":true,"href":"https:\/\/espaciolaplaza.es\/index.php\/wp-json\/wp\/v2\/categories?post=4478"},{"taxonomy":"post_tag","embeddable":true,"href":"https:\/\/espaciolaplaza.es\/index.php\/wp-json\/wp\/v2\/tags?post=4478"}],"curies":[{"name":"wp","href":"https:\/\/api.w.org\/{rel}","templated":true}]}}