{"id":4482,"date":"2026-03-16T09:49:07","date_gmt":"2026-03-16T08:49:07","guid":{"rendered":"https:\/\/espaciolaplaza.es\/?p=4482"},"modified":"2026-03-16T09:49:07","modified_gmt":"2026-03-16T08:49:07","slug":"los-corrales-de-buelna-organiza-un-programa-de-descanso-escolar-durante-la-semana-santa-2026","status":"publish","type":"post","link":"https:\/\/espaciolaplaza.es\/index.php\/2026\/03\/16\/los-corrales-de-buelna-organiza-un-programa-de-descanso-escolar-durante-la-semana-santa-2026\/","title":{"rendered":"Los Corrales de Buelna organiza un programa de descanso escolar durante la Semana Santa 2026"},"content":{"rendered":"<p data-start=\"98\" data-end=\"321\">El <span class=\"hover:entity-accent entity-underline inline cursor-pointer align-baseline\"><span class=\"whitespace-normal\">Ayuntamiento de Los Corrales de Buelna<\/span><\/span> ha puesto en marcha una nueva edici\u00f3n del programa <strong data-start=\"190\" data-end=\"228\">Descanso Escolar Semana Santa 2026<\/strong>, una iniciativa dirigida a facilitar la conciliaci\u00f3n familiar durante el periodo vacacional.<\/p>\n<p data-start=\"323\" data-end=\"504\">La actividad se desarrollar\u00e1 en el <span class=\"hover:entity-accent entity-underline inline cursor-pointer align-baseline\"><span class=\"whitespace-normal\">CEIP Jos\u00e9 Mar\u00eda de Pereda<\/span><\/span> los d\u00edas <strong data-start=\"405\" data-end=\"438\">30 y 31 de marzo y 1 de abril<\/strong>, y estar\u00e1 dirigida a ni\u00f1os y ni\u00f1as nacidos entre <strong data-start=\"488\" data-end=\"503\">2019 y 2022<\/strong>.<\/p>\n<p data-start=\"506\" data-end=\"831\">El programa contar\u00e1 con distintos horarios para adaptarse a las necesidades de las familias. El servicio de <strong data-start=\"614\" data-end=\"630\">madrugadores<\/strong> estar\u00e1 disponible de <strong data-start=\"652\" data-end=\"674\">8:00 a 10:00 horas<\/strong>, mientras que las <strong data-start=\"693\" data-end=\"720\">actividades principales<\/strong> se realizar\u00e1n de <strong data-start=\"738\" data-end=\"761\">10:00 a 14:00 horas<\/strong>. Adem\u00e1s, se ofrecer\u00e1 servicio de <strong data-start=\"795\" data-end=\"830\">mediod\u00eda de 14:00 a 15:00 horas<\/strong>.<\/p>\n<p data-start=\"833\" data-end=\"1168\">Las personas interesadas podr\u00e1n realizar la <strong data-start=\"877\" data-end=\"968\">preinscripci\u00f3n entre el 16 de marzo a las 9:00 horas y el 20 de marzo a las 12:00 horas<\/strong>. La informaci\u00f3n y la documentaci\u00f3n se gestionar\u00e1n a trav\u00e9s de la <strong data-start=\"1034\" data-end=\"1065\">Agencia de Desarrollo Local<\/strong>, en horario de <strong data-start=\"1081\" data-end=\"1103\">9:00 a 12:00 horas<\/strong>, o mediante el correo electr\u00f3nico habilitado para este programa.<\/p>\n<p data-start=\"1170\" data-end=\"1406\">Esta iniciativa forma parte de las acciones de conciliaci\u00f3n financiadas a trav\u00e9s del <strong data-start=\"1255\" data-end=\"1279\">Plan Corresponsables<\/strong> impulsado por el <span class=\"hover:entity-accent entity-underline inline cursor-pointer align-baseline\"><span class=\"whitespace-normal\">Ministerio de Igualdad de Espa\u00f1a<\/span><\/span> y cuenta con la colaboraci\u00f3n del <span class=\"hover:entity-accent entity-underline inline cursor-pointer align-baseline\"><span class=\"whitespace-normal\">Gobierno de Cantabria<\/span><\/span>.<\/p>\n<p data-start=\"1408\" data-end=\"1694\" data-is-last-node=\"\" data-is-only-node=\"\">\n","protected":false},"excerpt":{"rendered":"<p>El Ayuntamiento de Los Corrales de Buelna ha puesto en marcha una nueva edici\u00f3n del programa Descanso Escolar Semana Santa 2026, una iniciativa dirigida a facilitar la conciliaci\u00f3n familiar durante el periodo vacacional. La actividad se desarrollar\u00e1 en el CEIP Jos\u00e9 Mar\u00eda de Pereda los d\u00edas 30 y 31 de marzo y 1 de abril, [&hellip;]<\/p>\n","protected":false},"author":2,"featured_media":4483,"comment_status":"closed","ping_status":"closed","sticky":false,"template":"","format":"standard","meta":{"footnotes":""},"categories":[2],"tags":[28,164,58,441,1001,720,793,83,17,1026,1023,1191,548,1025],"_links":{"self":[{"href":"https:\/\/espaciolaplaza.es\/index.php\/wp-json\/wp\/v2\/posts\/4482"}],"collection":[{"href":"https:\/\/espaciolaplaza.es\/index.php\/wp-json\/wp\/v2\/posts"}],"about":[{"href":"https:\/\/espaciolaplaza.es\/index.php\/wp-json\/wp\/v2\/types\/post"}],"author":[{"embeddable":true,"href":"https:\/\/espaciolaplaza.es\/index.php\/wp-json\/wp\/v2\/users\/2"}],"replies":[{"embeddable":true,"href":"https:\/\/espaciolaplaza.es\/index.php\/wp-json\/wp\/v2\/comments?post=4482"}],"version-history":[{"count":1,"href":"https:\/\/espaciolaplaza.es\/index.php\/wp-json\/wp\/v2\/posts\/4482\/revisions"}],"predecessor-version":[{"id":4484,"href":"https:\/\/espaciolaplaza.es\/index.php\/wp-json\/wp\/v2\/posts\/4482\/revisions\/4484"}],"wp:featuredmedia":[{"embeddable":true,"href":"https:\/\/espaciolaplaza.es\/index.php\/wp-json\/wp\/v2\/media\/4483"}],"wp:attachment":[{"href":"https:\/\/espaciolaplaza.es\/index.php\/wp-json\/wp\/v2\/media?parent=4482"}],"wp:term":[{"taxonomy":"category","embeddable":true,"href":"https:\/\/espaciolaplaza.es\/index.php\/wp-json\/wp\/v2\/categories?post=4482"},{"taxonomy":"post_tag","embeddable":true,"href":"https:\/\/espaciolaplaza.es\/index.php\/wp-json\/wp\/v2\/tags?post=4482"}],"curies":[{"name":"wp","href":"https:\/\/api.w.org\/{rel}","templated":true}]}}