{"id":4599,"date":"2026-04-27T08:48:11","date_gmt":"2026-04-27T07:48:11","guid":{"rendered":"https:\/\/espaciolaplaza.es\/?p=4599"},"modified":"2026-04-27T08:48:11","modified_gmt":"2026-04-27T07:48:11","slug":"el-centro-de-interpretacion-de-la-industria-celebra-el-dia-internacional-de-los-museos-con-una-jornada-de-puertas-abiertas","status":"publish","type":"post","link":"https:\/\/espaciolaplaza.es\/index.php\/2026\/04\/27\/el-centro-de-interpretacion-de-la-industria-celebra-el-dia-internacional-de-los-museos-con-una-jornada-de-puertas-abiertas\/","title":{"rendered":"El Centro de Interpretaci\u00f3n de la Industria celebra el D\u00eda Internacional de los Museos con una jornada de puertas abiertas"},"content":{"rendered":"<p>El municipio de <strong>Los Corrales de Buelna<\/strong> se suma a la conmemoraci\u00f3n del D\u00eda Internacional de los Museos el pr\u00f3ximo <strong>18 de mayo<\/strong> con una jornada especial de puertas abiertas en el <a href=\"https:\/\/espaciolaplaza.es\/index.php\/oficina-de-turismo\/centro-de-la-industria\/\"><strong>Centro de Interpretaci\u00f3n de la Industria Jos\u00e9 Mar\u00eda Quijano<\/strong><\/a>.<\/p>\n<p>Durante esta jornada, el p\u00fablico podr\u00e1 visitar gratuitamente las instalaciones en horario de <strong>ma\u00f1ana, de 10:00 a 13:30 horas, y de tarde, de 16:00 a 18:30 horas<\/strong>, con el objetivo de acercar el patrimonio industrial y cultural a vecinos y visitantes.<\/p>\n<p>La celebraci\u00f3n de este a\u00f1o se desarrolla bajo el lema <strong>\u201cMuseos uniendo un mundo dividido\u201d<\/strong>, que pone en valor el papel de los museos como espacios de encuentro capaces de tender puentes entre culturas, fomentar el di\u00e1logo y promover la inclusi\u00f3n y la convivencia. Adem\u00e1s, la actividad contar\u00e1 con <strong data-start=\"906\" data-end=\"959\">contenido adaptado a la lengua de signos espa\u00f1ola<\/strong>, reforzando as\u00ed su car\u00e1cter inclusivo y facilitando el acceso a personas con discapacidad auditiva.<\/p>\n<p>El Centro de Interpretaci\u00f3n de la Industria, ubicado en la calle Santiago Ram\u00f3n y Cajal, ofrece un recorrido por la historia industrial de la zona, destacando figuras clave como Jos\u00e9 Mar\u00eda Quijano y su contribuci\u00f3n al desarrollo econ\u00f3mico y social del municipio.<\/p>\n<p>Con esta iniciativa, el Ayuntamiento de <strong>Los Corrales de Buelna<\/strong> refuerza su compromiso con la difusi\u00f3n cultural y la puesta en valor de su patrimonio, invitando a la ciudadan\u00eda a participar en una jornada pensada para todos los p\u00fablicos.<\/p>\n","protected":false},"excerpt":{"rendered":"<p>El municipio de Los Corrales de Buelna se suma a la conmemoraci\u00f3n del D\u00eda Internacional de los Museos el pr\u00f3ximo 18 de mayo con una jornada especial de puertas abiertas en el Centro de Interpretaci\u00f3n de la Industria Jos\u00e9 Mar\u00eda Quijano. Durante esta jornada, el p\u00fablico podr\u00e1 visitar gratuitamente las instalaciones en horario de ma\u00f1ana, [&hellip;]<\/p>\n","protected":false},"author":2,"featured_media":4600,"comment_status":"closed","ping_status":"closed","sticky":false,"template":"","format":"standard","meta":{"footnotes":""},"categories":[2],"tags":[1297,1293,1139,164,58,630,102,1289,793,83,1295,1290,1294,17,1292,1291,1296],"_links":{"self":[{"href":"https:\/\/espaciolaplaza.es\/index.php\/wp-json\/wp\/v2\/posts\/4599"}],"collection":[{"href":"https:\/\/espaciolaplaza.es\/index.php\/wp-json\/wp\/v2\/posts"}],"about":[{"href":"https:\/\/espaciolaplaza.es\/index.php\/wp-json\/wp\/v2\/types\/post"}],"author":[{"embeddable":true,"href":"https:\/\/espaciolaplaza.es\/index.php\/wp-json\/wp\/v2\/users\/2"}],"replies":[{"embeddable":true,"href":"https:\/\/espaciolaplaza.es\/index.php\/wp-json\/wp\/v2\/comments?post=4599"}],"version-history":[{"count":1,"href":"https:\/\/espaciolaplaza.es\/index.php\/wp-json\/wp\/v2\/posts\/4599\/revisions"}],"predecessor-version":[{"id":4601,"href":"https:\/\/espaciolaplaza.es\/index.php\/wp-json\/wp\/v2\/posts\/4599\/revisions\/4601"}],"wp:featuredmedia":[{"embeddable":true,"href":"https:\/\/espaciolaplaza.es\/index.php\/wp-json\/wp\/v2\/media\/4600"}],"wp:attachment":[{"href":"https:\/\/espaciolaplaza.es\/index.php\/wp-json\/wp\/v2\/media?parent=4599"}],"wp:term":[{"taxonomy":"category","embeddable":true,"href":"https:\/\/espaciolaplaza.es\/index.php\/wp-json\/wp\/v2\/categories?post=4599"},{"taxonomy":"post_tag","embeddable":true,"href":"https:\/\/espaciolaplaza.es\/index.php\/wp-json\/wp\/v2\/tags?post=4599"}],"curies":[{"name":"wp","href":"https:\/\/api.w.org\/{rel}","templated":true}]}}