{"id":4603,"date":"2026-04-27T08:55:26","date_gmt":"2026-04-27T07:55:26","guid":{"rendered":"https:\/\/espaciolaplaza.es\/?p=4603"},"modified":"2026-04-27T08:56:27","modified_gmt":"2026-04-27T07:56:27","slug":"cine-comercial-boulevard","status":"publish","type":"post","link":"https:\/\/espaciolaplaza.es\/index.php\/2026\/04\/27\/cine-comercial-boulevard\/","title":{"rendered":"Cine comercial: Boulevard"},"content":{"rendered":"<div class=\"credits\">No te pierdas la proyecci\u00f3n de la pel\u00edcula espa\u00f1ola <strong>\u2018Boulevard\u2019<\/strong>, en el\u00a0<strong>Teatro Municipal<\/strong>\u00a0de\u00a0<strong>Los Corrales de Buelna<\/strong>.<\/div>\n<div>\n<ul>\n<li>D\u00edas: 25, 26 y 27 de abril.<\/li>\n<li>Hora: a las 17:00 y a las 20:00.<\/li>\n<li>Lugar: Teatro Municipal de Los Corrales de Buelna.<\/li>\n<li>Entrada general: 4,71\u20ac venta de entradas en taquilla y en\u00a0<a href=\"https:\/\/www.reservaentradas.com\/sesiones\/cantabria\/teatroloscorralesdebuelna\/boulevard\/776\/\">reservaentradas.com<\/a><\/li>\n<\/ul>\n<\/div>\n<p><em>Cuando Hasley (Eve Ryan) se muda a una nueva ciudad con su madre, lo \u00faltimo que espera es cruzarse con Luke (Mikel Niso), un joven envuelto en un aura peligrosa y un pasado tr\u00e1gico. Atrapado en sus propios demonios, Luke es todo lo que Hasley deber\u00eda temer&#8230; pero a lo que se siente irremediablemente atra\u00edda. A pesar de las sombras que lo rodean, Hasley descubre en Luke una vulnerabilidad y un mundo interior apasionante. Juntos, crear\u00e1n su propio boulevard: un refugio escondido donde poder ser ellos mismos, cumplir sue\u00f1os imposibles, atreverse a amar a pesar de los prejuicios, el dolor y las cicatrices que arrastran, y demostrar que el amor es capaz de florecer incluso en los corazones m\u00e1s insospechados. (FILMAFFINITY)<\/em><\/p>\n<p>&nbsp;<\/p>\n<p>Duraci\u00f3n: 113min.<\/p>\n<p>Pa\u00eds: Espa\u00f1a<\/p>\n<dl class=\"movie-info\">\n<dt>\n<dl class=\"movie-info\">\n<dt>\n<dl class=\"movie-info\">\n<dt>\n<dl class=\"movie-info\">\n<dt>\n<dl class=\"movie-info\">\n<dt>Direcci\u00f3n: Sonia Mendez<\/dt>\n<dt>Guion: Javier Ruescas<\/dt>\n<dt>Novela:\u00a0<span class=\"nb\">Flor M. Salvador<\/span><\/dt>\n<dt>Reparto: Eve Ryan, Mikel Niso, Biel Ant\u00f3n.<\/dt>\n<\/dl>\n<\/dt>\n<\/dl>\n<\/dt>\n<\/dl>\n<\/dt>\n<\/dl>\n<\/dt>\n<\/dl>\n<p>\u00a1Te esperamos!<\/p>\n","protected":false},"excerpt":{"rendered":"<p>No te pierdas la proyecci\u00f3n de la pel\u00edcula espa\u00f1ola \u2018Boulevard\u2019, en el\u00a0Teatro Municipal\u00a0de\u00a0Los Corrales de Buelna. D\u00edas: 25, 26 y 27 de abril. Hora: a las 17:00 y a las 20:00. Lugar: Teatro Municipal de Los Corrales de Buelna. Entrada general: 4,71\u20ac venta de entradas en taquilla y en\u00a0reservaentradas.com Cuando Hasley (Eve Ryan) se muda [&hellip;]<\/p>\n","protected":false},"author":2,"featured_media":4606,"comment_status":"closed","ping_status":"closed","sticky":false,"template":"","format":"standard","meta":{"footnotes":""},"categories":[671,2],"tags":[164,1298,673,972,473,1158,793,83,17,988,982],"_links":{"self":[{"href":"https:\/\/espaciolaplaza.es\/index.php\/wp-json\/wp\/v2\/posts\/4603"}],"collection":[{"href":"https:\/\/espaciolaplaza.es\/index.php\/wp-json\/wp\/v2\/posts"}],"about":[{"href":"https:\/\/espaciolaplaza.es\/index.php\/wp-json\/wp\/v2\/types\/post"}],"author":[{"embeddable":true,"href":"https:\/\/espaciolaplaza.es\/index.php\/wp-json\/wp\/v2\/users\/2"}],"replies":[{"embeddable":true,"href":"https:\/\/espaciolaplaza.es\/index.php\/wp-json\/wp\/v2\/comments?post=4603"}],"version-history":[{"count":1,"href":"https:\/\/espaciolaplaza.es\/index.php\/wp-json\/wp\/v2\/posts\/4603\/revisions"}],"predecessor-version":[{"id":4604,"href":"https:\/\/espaciolaplaza.es\/index.php\/wp-json\/wp\/v2\/posts\/4603\/revisions\/4604"}],"wp:featuredmedia":[{"embeddable":true,"href":"https:\/\/espaciolaplaza.es\/index.php\/wp-json\/wp\/v2\/media\/4606"}],"wp:attachment":[{"href":"https:\/\/espaciolaplaza.es\/index.php\/wp-json\/wp\/v2\/media?parent=4603"}],"wp:term":[{"taxonomy":"category","embeddable":true,"href":"https:\/\/espaciolaplaza.es\/index.php\/wp-json\/wp\/v2\/categories?post=4603"},{"taxonomy":"post_tag","embeddable":true,"href":"https:\/\/espaciolaplaza.es\/index.php\/wp-json\/wp\/v2\/tags?post=4603"}],"curies":[{"name":"wp","href":"https:\/\/api.w.org\/{rel}","templated":true}]}}