{"id":844,"date":"2021-10-19T23:05:26","date_gmt":"2021-10-19T23:05:26","guid":{"rendered":"http:\/\/laplaza.webcantabria.com\/?p=844"},"modified":"2021-10-19T23:05:26","modified_gmt":"2021-10-19T23:05:26","slug":"sara-sua","status":"publish","type":"post","link":"https:\/\/espaciolaplaza.es\/index.php\/2021\/10\/19\/sara-sua\/","title":{"rendered":"Sara Sua"},"content":{"rendered":"<p class=\"p1\"><span class=\"s2\">Sara Sua, ex vocalista del grupo \u201cPl\u00e9yades\u201d, actualmente forma parte, junto al guitarrista Jes\u00fas Espinosa, del dueto musical \u201cThe Partners\u201d, con el que han recorrido toda la regi\u00f3n y otros lugares fuera de ella, compartiendo con su p\u00fablico canciones que van desde el Soul o el Jazz hasta el Pop o el Bolero, as\u00ed como temas propios de la artista.<\/span><\/p>\n<p class=\"p1\"><span class=\"s2\">Representando a Cantabria, fue galardonada con el premio del p\u00fablico en el concurso Espa\u00f1avision 2018. Finalista en la Muestra de M\u00fasica en el Campus 2018, concurso organizado por la Universidad de Cantabria, as\u00ed como en Gana con tu Voz 2019. <\/span><\/p>\n<p class=\"p1\"><span class=\"s2\">Primer premio a nivel nacional en el Karaoke de San Vicente de la Barquera 2003, y finalista en el concurso Fantastic Duo (Edici\u00f3n 2017), programa emitido por Televisi\u00f3n Espa\u00f1ola, en la fase de selecci\u00f3n de aspirantes a cantar en la gala con el artista Pitingo.<\/span><\/p>\n<p class=\"p1\"><span class=\"s2\">Licenciada en Periodismo por la UCM, tambi\u00e9n ha sido profesora de canto en diversas escuelas de m\u00fasica de Cantabria. Super\u00f3 octavo de canto del Trinity College London: \u201cLevel 3 Certificate in Graded Examination in Rock and Pop, Grade 8 Vocals\u201d, posee conocimientos de piano, guitarra y artes esc\u00e9nicas y siempre ha demostrado un esp\u00edritu solidario que la ha llevado a colaborar con infinidad de causas sociales.<\/span><\/p>\n","protected":false},"excerpt":{"rendered":"<p>Sara Sua, ex vocalista del grupo \u201cPl\u00e9yades\u201d, actualmente forma parte, junto al guitarrista Jes\u00fas Espinosa, del dueto musical \u201cThe Partners\u201d, con el que han recorrido toda la regi\u00f3n y otros lugares fuera de ella, compartiendo con su p\u00fablico canciones que van desde el Soul o el Jazz hasta el Pop o el Bolero, as\u00ed como [&hellip;]<\/p>\n","protected":false},"author":1,"featured_media":845,"comment_status":"closed","ping_status":"closed","sticky":false,"template":"","format":"standard","meta":{"footnotes":""},"categories":[4],"tags":[],"_links":{"self":[{"href":"https:\/\/espaciolaplaza.es\/index.php\/wp-json\/wp\/v2\/posts\/844"}],"collection":[{"href":"https:\/\/espaciolaplaza.es\/index.php\/wp-json\/wp\/v2\/posts"}],"about":[{"href":"https:\/\/espaciolaplaza.es\/index.php\/wp-json\/wp\/v2\/types\/post"}],"author":[{"embeddable":true,"href":"https:\/\/espaciolaplaza.es\/index.php\/wp-json\/wp\/v2\/users\/1"}],"replies":[{"embeddable":true,"href":"https:\/\/espaciolaplaza.es\/index.php\/wp-json\/wp\/v2\/comments?post=844"}],"version-history":[{"count":0,"href":"https:\/\/espaciolaplaza.es\/index.php\/wp-json\/wp\/v2\/posts\/844\/revisions"}],"wp:featuredmedia":[{"embeddable":true,"href":"https:\/\/espaciolaplaza.es\/index.php\/wp-json\/wp\/v2\/media\/845"}],"wp:attachment":[{"href":"https:\/\/espaciolaplaza.es\/index.php\/wp-json\/wp\/v2\/media?parent=844"}],"wp:term":[{"taxonomy":"category","embeddable":true,"href":"https:\/\/espaciolaplaza.es\/index.php\/wp-json\/wp\/v2\/categories?post=844"},{"taxonomy":"post_tag","embeddable":true,"href":"https:\/\/espaciolaplaza.es\/index.php\/wp-json\/wp\/v2\/tags?post=844"}],"curies":[{"name":"wp","href":"https:\/\/api.w.org\/{rel}","templated":true}]}}