{"id":848,"date":"2021-10-19T23:06:14","date_gmt":"2021-10-19T23:06:14","guid":{"rendered":"http:\/\/laplaza.webcantabria.com\/?p=848"},"modified":"2021-10-19T23:06:14","modified_gmt":"2021-10-19T23:06:14","slug":"norbert-itrich","status":"publish","type":"post","link":"https:\/\/espaciolaplaza.es\/index.php\/2021\/10\/19\/norbert-itrich\/","title":{"rendered":"Norbert Itrich"},"content":{"rendered":"<p class=\"p1\"><span class=\"s2\">Nacido en Polonia donde realiz\u00f3 estudios de \u00f3rgano y saxof\u00f3n. Es organista y profesor de \u00f3rgano en la especialidad lit\u00fargica, t\u00edtulos obtenidos<span class=\"Apple-converted-space\">\u00a0 <\/span>por la Escuela Episcopal de \u00d3rgano de Pelplin <\/span><\/p>\n<p class=\"p1\"><span class=\"s2\">Profesor de saxof\u00f3n por el Conservatorio de M\u00fasica de Grudziadz (Polonia). Posteriormente sigue completando su formaci\u00f3n y experiencia como organista con el profesor Esteban Landart en el Conservatorio Superior de M\u00fasica de San Sebasti\u00e1n, Musikene, y en el Conservatorio Superior de Bydgoszcz (Polonia), con el profesor Radoslaw Marzec.<\/span><\/p>\n<p class=\"p1\"><span class=\"s2\">Desde el a\u00f1o 2002 est\u00e1 afincado en Espa\u00f1a, donde ofrece habitualmente conciertos de \u00f3rgano y saxof\u00f3n. Ha dado conciertos en festivales nacionales e internacionales de Polonia, Noruega, Alemania, Baleares e Italia. Adem\u00e1s, es un destacado y prestigioso experto en la improvisaci\u00f3n. <\/span><\/p>\n<p class=\"p1\"><span class=\"s2\">Durante todos estos a\u00f1os, es organista en Los Corrales de Buelna (2002) y organista de la Catedral de Santander (2004-2020) as\u00ed mismo es autor y<span class=\"Apple-converted-space\">\u00a0 <\/span>art\u00edfice del proyecto de construcci\u00f3n de los tres nuevos \u00f3rganos de la Catedral de Santander. Autor de varios discos compactos, Director Art\u00edstico del Festival Internacional de M\u00fasica de \u00d3rgano Barroco \u00abLas Merindades\u00bb, Director Art\u00edstico del Festival Internacional de M\u00fasica de \u00d3rgano de San Vicente M\u00e1rtir, y promotor de varios ESPECTACULOS como: Bailando con BACH, LITHOPS y otros.<\/span><\/p>\n","protected":false},"excerpt":{"rendered":"<p>Nacido en Polonia donde realiz\u00f3 estudios de \u00f3rgano y saxof\u00f3n. Es organista y profesor de \u00f3rgano en la especialidad lit\u00fargica, t\u00edtulos obtenidos\u00a0 por la Escuela Episcopal de \u00d3rgano de Pelplin Profesor de saxof\u00f3n por el Conservatorio de M\u00fasica de Grudziadz (Polonia). Posteriormente sigue completando su formaci\u00f3n y experiencia como organista con el profesor Esteban Landart [&hellip;]<\/p>\n","protected":false},"author":1,"featured_media":846,"comment_status":"closed","ping_status":"closed","sticky":false,"template":"","format":"standard","meta":{"footnotes":""},"categories":[4],"tags":[],"_links":{"self":[{"href":"https:\/\/espaciolaplaza.es\/index.php\/wp-json\/wp\/v2\/posts\/848"}],"collection":[{"href":"https:\/\/espaciolaplaza.es\/index.php\/wp-json\/wp\/v2\/posts"}],"about":[{"href":"https:\/\/espaciolaplaza.es\/index.php\/wp-json\/wp\/v2\/types\/post"}],"author":[{"embeddable":true,"href":"https:\/\/espaciolaplaza.es\/index.php\/wp-json\/wp\/v2\/users\/1"}],"replies":[{"embeddable":true,"href":"https:\/\/espaciolaplaza.es\/index.php\/wp-json\/wp\/v2\/comments?post=848"}],"version-history":[{"count":0,"href":"https:\/\/espaciolaplaza.es\/index.php\/wp-json\/wp\/v2\/posts\/848\/revisions"}],"wp:featuredmedia":[{"embeddable":true,"href":"https:\/\/espaciolaplaza.es\/index.php\/wp-json\/wp\/v2\/media\/846"}],"wp:attachment":[{"href":"https:\/\/espaciolaplaza.es\/index.php\/wp-json\/wp\/v2\/media?parent=848"}],"wp:term":[{"taxonomy":"category","embeddable":true,"href":"https:\/\/espaciolaplaza.es\/index.php\/wp-json\/wp\/v2\/categories?post=848"},{"taxonomy":"post_tag","embeddable":true,"href":"https:\/\/espaciolaplaza.es\/index.php\/wp-json\/wp\/v2\/tags?post=848"}],"curies":[{"name":"wp","href":"https:\/\/api.w.org\/{rel}","templated":true}]}}