{"id":814,"count":2,"description":"","link":"https:\/\/espaciolaplaza.es\/index.php\/tag\/pabellon-jose-maria-de-pereda\/","name":"pabell\u00f3n jos\u00e9 mar\u00eda de pereda","slug":"pabellon-jose-maria-de-pereda","taxonomy":"post_tag","meta":[],"_links":{"self":[{"href":"https:\/\/espaciolaplaza.es\/index.php\/wp-json\/wp\/v2\/tags\/814"}],"collection":[{"href":"https:\/\/espaciolaplaza.es\/index.php\/wp-json\/wp\/v2\/tags"}],"about":[{"href":"https:\/\/espaciolaplaza.es\/index.php\/wp-json\/wp\/v2\/taxonomies\/post_tag"}],"wp:post_type":[{"href":"https:\/\/espaciolaplaza.es\/index.php\/wp-json\/wp\/v2\/posts?tags=814"},{"href":"https:\/\/espaciolaplaza.es\/index.php\/wp-json\/wp\/v2\/mec-events?tags=814"}],"curies":[{"name":"wp","href":"https:\/\/api.w.org\/{rel}","templated":true}]}}